{"id":2222,"date":"2011-11-22T07:07:24","date_gmt":"2011-11-22T06:07:24","guid":{"rendered":"http:\/\/culturevisuelle.org\/icones\/?p=2222"},"modified":"2011-11-22T07:07:24","modified_gmt":"2011-11-22T06:07:24","slug":"tac-tac-tac-tac-du-photojournalisme-comme-tourisme","status":"publish","type":"post","link":"https:\/\/histoirevisuelle.fr\/cv\/icones\/2222\/","title":{"rendered":"Tac tac tac tac (du photojournalisme comme tourisme)"},"content":{"rendered":"<p><a href=\"http:\/\/www.flickr.com\/photos\/gunthert\/5912391837\/\"><img decoding=\"async\" loading=\"lazy\" class=\"alignleft\" title=\"Corinne Vionnet, superposition de photos de la tour de Pise (exposition From Here On, Arles, juillet 2011).\" src=\"http:\/\/farm7.staticflickr.com\/6047\/5912391837_2081e666e7.jpg\" alt=\"\" width=\"333\" height=\"500\" \/><\/a>Carnet de notes du travail au quotidien d&rsquo;un photoreporter, le <a href=\"http:\/\/photoactu.blogs.liberation.fr\/\" target=\"_blank\">blog de S\u00e9bastien Calvet<\/a> fournit un relev\u00e9 passionnant des al\u00e9as et des contraintes de la fabrique de l&rsquo;actualit\u00e9, o\u00f9 les blogueurs de Culture Visuelle ont <a href=\"http:\/\/culturevisuelle.org\/?s=calvet\" target=\"_blank\">pris l&rsquo;habitude d&rsquo;aller fouine<\/a>r.<\/p>\n<p>Parmi les billets r\u00e9cents, je rel\u00e8ve <a href=\"http:\/\/photoactu.blogs.liberation.fr\/calvet\/2011\/11\/le-chef-dorchestre.html\" target=\"_blank\">cette observation<\/a> effectu\u00e9e dans le contexte d&rsquo;une conf\u00e9rence de presse du premier ministre:<\/p>\n<p><em>\u00abNous d\u00e9clenchons souvent tous au m\u00eame moment. Le silence des autres participants met en avant les clic-clac rapides. Un son bref, sec, na\u00eet et meurt dans le m\u00eame temps. Tac tac tac tac. Nous en rions tous tellement c&rsquo;est grotesque. Mais au fait, qu&rsquo;est ce qui d\u00e9clenche ces d\u00e9clenchements? Je m&rsquo;aper\u00e7ois que le premier ministre lit un discours et baisse souvent la t\u00eate. Lorsqu&rsquo;il la rel\u00e8ve et l&rsquo;accompagne d&rsquo;un mouvement de main, les photographes enregistrent la posture. Nous ne tentons de retenir que le mouvement martial. Le symbole de l&rsquo;homme qui d\u00e9cide et montre le chemin du bout de son doigt. Nous sommes intoxiqu\u00e9s par ce que voudront les journaux. Cette image nous l&rsquo;avons d\u00e9j\u00e0 en t\u00eate et ne cherchons que cela.\u00bb<\/em><\/p>\n<p>Cette analyse rejoint <a href=\"http:\/\/culturevisuelle.org\/clindeloeil\/2011\/07\/04\/l%e2%80%99acceleration-de-l%e2%80%99activite-photographique-signale-t-elle-l%e2%80%99evenement\/\" target=\"_blank\">un constat similaire effectu\u00e9 par Audrey Leblanc<\/a> \u00e0 partir de l&rsquo;examen des planches contact des photographies de mai 68, o\u00f9 la chercheuse remarque un ph\u00e9nom\u00e8ne de multiplication et d&rsquo;acc\u00e9l\u00e9ration des prises de vue qui semble li\u00e9 \u00e0 l&rsquo;identification de motifs particuliers.<\/p>\n<p>Loin de la mythologie de l&rsquo;instant d\u00e9cisif comme rencontre id\u00e9ale de l&rsquo;\u00e9v\u00e9nement avec son regard t\u00e9moin, ces observations pr\u00e9cieuses rapprochent la pratique ordinaire du photoreportage du st\u00e9r\u00e9otype photographique le plus d\u00e9test\u00e9: celui de la prise de vue touristique, d\u00e9clench\u00e9e de mani\u00e8re r\u00e9flexe par la reconnaissance d&rsquo;un monument ou d&rsquo;un site c\u00e9l\u00e8bre (<em>cf<\/em>. notamment le travail de <a href=\"http:\/\/www.mymodernmet.com\/profiles\/blog\/show?id=2100445%3ABlogPost%3A443473\" target=\"_blank\">Corinne Vionnet<\/a>, <em>voir ci-dessus<\/em>).<\/p>\n<p>L&rsquo;acc\u00e9l\u00e9ration synchrone du rythme de la prise de vue t\u00e9moigne de l&rsquo;identification par les professionnels d&rsquo;un st\u00e9r\u00e9otype visuel. Comme la majorit\u00e9 des actes de figuration, la pratique photojournalistique ne vise pas \u00e0 restituer l&rsquo;image de la r\u00e9alit\u00e9 (Fran\u00e7ois Fillon lisant son discours t\u00eate baiss\u00e9e), mais \u00e0 reproduire la vision conventionnelle d&rsquo;un catalogue de motifs reconnaissables (le premier ministre \u00e0 la man\u0153uvre), mis au point par la tradition graphique. \u00abEn conf\u00e9rant \u00e0 la photographie un brevet de r\u00e9alisme, la soci\u00e9t\u00e9 ne fait rien d&rsquo;autre que se confirmer \u00e0 elle-m\u00eame dans la certitude tautologique qu&rsquo;une image du r\u00e9el conforme \u00e0 sa repr\u00e9sentation de l&rsquo;objectivit\u00e9 est vraiment objective\u00bb (Pierre Bourdieu, <em>Un art moyen<\/em>, Minuit, 1965, p. 113).<\/p>\n","protected":false},"excerpt":{"rendered":"<p>Carnet de notes du travail au quotidien d&rsquo;un photoreporter, le blog de S\u00e9bastien Calvet fournit un relev\u00e9 passionnant des al\u00e9as et des [&hellip;]<\/p>\n","protected":false},"author":1,"featured_media":0,"comment_status":"open","ping_status":"open","sticky":false,"template":"","format":"standard","meta":[],"categories":[26,28],"tags":[58,62,73],"jetpack_featured_media_url":"","jetpack_shortlink":"https:\/\/wp.me\/p80eNK-zQ","jetpack-related-posts":[{"id":3020,"url":"https:\/\/histoirevisuelle.fr\/cv\/icones\/3020\/","url_meta":{"origin":2222,"position":0},"title":"Le singe, le photographe et la propri\u00e9t\u00e9 intellectuelle","date":"7 ao\u00fbt 2014","format":false,"excerpt":"Quelle est la fonction de la propri\u00e9t\u00e9 intellectuelle? Le droit contemporain n'en a plus la moindre id\u00e9e. Telle est la conclusion que l'on peut tirer de la m\u00e9saventure du photographe animalier David Slater, auquel Wikipedia a vol\u00e9 une image, au pr\u00e9texte que c'est un singe qui a appuy\u00e9 sur le\u2026","rel":"","context":"Dans &quot;En images&quot;","img":{"alt_text":"","src":"https:\/\/i0.wp.com\/histoirevisuelle.fr\/cv\/icones\/wp-content\/uploads\/2014\/08\/thetelegraf.jpg?resize=350%2C200","width":350,"height":200},"classes":[]},{"id":2002,"url":"https:\/\/histoirevisuelle.fr\/cv\/icones\/2002\/","url_meta":{"origin":2222,"position":1},"title":"La vie culturelle du Secret de la Licorne (notes)","date":"9 septembre 2011","format":false,"excerpt":"Projet d'adaptation cin\u00e9matographique d'une des plus c\u00e9l\u00e8bres bandes dessin\u00e9es europ\u00e9ennes, The Secret of the Unicorn, qui sortira en salles le 26 octobre, me donne l'occasion d'esquisser le relev\u00e9 de l'\u0153uvre seconde d'un film. Comme toute grande production hollywoodienne, l'\u0153uvre proprement dite est en effet accompagn\u00e9e par une s\u00e9rie de manifestations\u2026","rel":"","context":"Dans &quot;En images&quot;","img":{"alt_text":"","src":"https:\/\/i0.wp.com\/histoirevisuelle.fr\/cv\/icones\/wp-content\/uploads\/2011\/09\/tintin_promotion.jpg?resize=350%2C200","width":350,"height":200},"classes":[]},{"id":1573,"url":"https:\/\/histoirevisuelle.fr\/cv\/icones\/1573\/","url_meta":{"origin":2222,"position":2},"title":"Cachez ce contrechamp","date":"13 avril 2011","format":false,"excerpt":"En janvier 2010, Pete Brook commente longuement sur Prison Photography les images de la mort de Fabienne Cherisma, jeune ha\u00eftienne tu\u00e9e par une balle perdue peu apr\u00e8s le s\u00e9isme, alors que la police tente de disperser des pillards. Au cours de son enqu\u00eate, il s'entretient avec le reporter Nathan Weber,\u2026","rel":"","context":"Dans &quot;En images&quot;","img":{"alt_text":"","src":"https:\/\/i0.wp.com\/histoirevisuelle.fr\/cv\/icones\/wp-content\/uploads\/2011\/04\/fabiennecherisma.jpg?resize=350%2C200","width":350,"height":200},"classes":[]},{"id":1715,"url":"https:\/\/histoirevisuelle.fr\/cv\/icones\/1715\/","url_meta":{"origin":2222,"position":3},"title":"Evolution du spectacle","date":"18 mai 2011","format":false,"excerpt":"Deuxi\u00e8me \u00e9tape de la campagne de promotion des Aventures de Tintin au cin\u00e9ma (Spielberg\/Jackson). Apr\u00e8s les images fixes en d\u00e9cembre, les sites sp\u00e9cialis\u00e9s ont publi\u00e9 hier l'affiche et la premi\u00e8re bande-annonce du film. Tout comme l'affiche, qui laisse dans l'ombre le visage du h\u00e9ros, la BA masque soigneusement les traits\u2026","rel":"","context":"Dans &quot;En images&quot;","img":{"alt_text":"","src":"https:\/\/i0.wp.com\/histoirevisuelle.fr\/cv\/icones\/wp-content\/uploads\/2011\/05\/Tintin_trailer1.jpg?resize=350%2C200","width":350,"height":200},"classes":[]},{"id":1738,"url":"https:\/\/histoirevisuelle.fr\/cv\/icones\/1738\/","url_meta":{"origin":2222,"position":4},"title":"Cartes postales du mois de mai","date":"28 mai 2011","format":false,"excerpt":"En mai, fait ce qu'il te pla\u00eet, dit le dicton. Mais si l'on ajoute les soubresauts de l'actualit\u00e9 \u00e0 l'agenda universitaire, on comprendra que je ne suis pas f\u00e2ch\u00e9 de voir la fin d'un mois plut\u00f4t anim\u00e9. Un relev\u00e9 qui explique mon absence sur les marches du Palais des festivals\u2026","rel":"","context":"Dans &quot;Enseignement&quot;","img":{"alt_text":"","src":"https:\/\/i0.wp.com\/histoirevisuelle.fr\/cv\/icones\/wp-content\/uploads\/2011\/05\/cartespostalesmai.jpg?resize=350%2C200","width":350,"height":200},"classes":[]},{"id":1147,"url":"https:\/\/histoirevisuelle.fr\/cv\/icones\/1147\/","url_meta":{"origin":2222,"position":5},"title":"L&#039;illustration, ou comment faire de la photographie un signe","date":"12 octobre 2010","format":false,"excerpt":"Longue discussion mercredi dernier \u00e0 l'atelier du Lhivic. Dans la lign\u00e9e des travaux ouverts par le colloque \"La trame des images\" en 2006, nous sommes plusieurs \u00e0 nous attacher \u00e0 caract\u00e9riser les usages effectifs de l'image m\u00e9diatique. Le sch\u00e9ma traditionnel du recours \u00e0 la photographie pour des raisons documentaires est\u2026","rel":"","context":"Dans &quot;En images&quot;","img":{"alt_text":"","src":"https:\/\/i0.wp.com\/histoirevisuelle.fr\/cv\/icones\/wp-content\/uploads\/2010\/10\/illustration1.jpg?resize=350%2C200","width":350,"height":200},"classes":[]}],"_links":{"self":[{"href":"https:\/\/histoirevisuelle.fr\/cv\/icones\/wp-json\/wp\/v2\/posts\/2222"}],"collection":[{"href":"https:\/\/histoirevisuelle.fr\/cv\/icones\/wp-json\/wp\/v2\/posts"}],"about":[{"href":"https:\/\/histoirevisuelle.fr\/cv\/icones\/wp-json\/wp\/v2\/types\/post"}],"author":[{"embeddable":true,"href":"https:\/\/histoirevisuelle.fr\/cv\/icones\/wp-json\/wp\/v2\/users\/1"}],"replies":[{"embeddable":true,"href":"https:\/\/histoirevisuelle.fr\/cv\/icones\/wp-json\/wp\/v2\/comments?post=2222"}],"version-history":[{"count":0,"href":"https:\/\/histoirevisuelle.fr\/cv\/icones\/wp-json\/wp\/v2\/posts\/2222\/revisions"}],"wp:attachment":[{"href":"https:\/\/histoirevisuelle.fr\/cv\/icones\/wp-json\/wp\/v2\/media?parent=2222"}],"wp:term":[{"taxonomy":"category","embeddable":true,"href":"https:\/\/histoirevisuelle.fr\/cv\/icones\/wp-json\/wp\/v2\/categories?post=2222"},{"taxonomy":"post_tag","embeddable":true,"href":"https:\/\/histoirevisuelle.fr\/cv\/icones\/wp-json\/wp\/v2\/tags?post=2222"}],"curies":[{"name":"wp","href":"https:\/\/api.w.org\/{rel}","templated":true}]}}