{"id":2909,"date":"2014-01-19T23:29:16","date_gmt":"2014-01-19T22:29:16","guid":{"rendered":"http:\/\/culturevisuelle.org\/icones\/?p=2909"},"modified":"2014-01-19T23:29:16","modified_gmt":"2014-01-19T22:29:16","slug":"pain-education-liberte","status":"publish","type":"post","link":"http:\/\/histoirevisuelle.fr\/cv\/icones\/2909\/","title":{"rendered":"Gr\u00e8ce, un traitement de choc inacceptable"},"content":{"rendered":"<p>Appel des syndicats fran\u00e7ais de la <a href=\"http:\/\/sncs.fr\/spip.php?article3491\" target=\"_blank\">F\u00e9d\u00e9ration mondiale des travailleurs scientifiques<\/a>, Paris, le 15 janvier 2014.<\/p>\n<p>\u00ab\u00a0Pain, \u00e9ducation, libert\u00e9\u00a0\u00bb, le slogan du soul\u00e8vement des \u00e9tudiants de  l&rsquo;\u00c9cole Polytechnique d&rsquo;Ath\u00e8nes de novembre 1973 contre la junte  militaire, est aujourd&rsquo;hui repris par les manifestants grecs.<\/p>\n<p>Soumis au chantage de la Tro\u00efka (UE, BCE, FMI) depuis 2010, les gouvernements grecs successifs multiplient les plans  d&rsquo;aust\u00e9rit\u00e9. D\u00e8s 2010, le FMI avait envisag\u00e9 une restructuration de la  dette publique, mais les chefs d&rsquo;\u00c9tat et de gouvernement de la zone Euro  s&rsquo;y \u00e9taient alors oppos\u00e9s. Deux ans plus tard, au printemps 2012, une  restructuration eut lieu: la Gr\u00e8ce \u00e9tait \u00e0 deux doigts de la cessation  de paiement. En effet, entre temps la dette avait effectu\u00e9 un bond,  passant de 130 % du PIB \u00e0 170 %, et l&rsquo;\u00e9conomie s&rsquo;\u00e9tait effondr\u00e9e avec  une chute de 9 % du PIB. Les pr\u00eats octroy\u00e9s par la Tro\u00efka d\u00e8s 2010  conditionn\u00e9s \u00e0 des politiques d&rsquo;aust\u00e9rit\u00e9 drastiques avaient aggrav\u00e9 la  crise et n&rsquo;ont nullement servi \u00e0 \u00ab\u00a0sauver\u00a0\u00bb le pays, ni \u00e0 rembourser la  dette. Depuis, la m\u00eame orientation perdure, et la situation empire.<\/p>\n<p><!--more-->Au-del\u00e0 des chiffres, il y a la r\u00e9alit\u00e9 sociale et humaine, les femmes,  les hommes et les enfants, la mont\u00e9e de la pauvret\u00e9, des d\u00e9pressions,  des suicides. Plus d&rsquo;un quart de la population active est au ch\u00f4mage.  Les salaires sont amput\u00e9s, un grand nombre de salari\u00e9s ne sont plus  pay\u00e9s depuis des mois, voire un an. Des \u00e9coles ferment. Des h\u00f4pitaux  manquent de m\u00e9dicaments. Les conditions sanitaires se d\u00e9gradent. Les  dispensaires sociaux, fond\u00e9s et maintenus gr\u00e2ce au d\u00e9vouement b\u00e9n\u00e9vole  de m\u00e9decins, personnels de sant\u00e9 et citoyens, n&rsquo;arrivent pas \u00e0 masquer  le p\u00e9ril sanitaire. Par milliers les fonctionnaires perdent leur emploi :  ils sont \u00ab\u00a0mis en disponibilit\u00e9\u00a0\u00bb, consid\u00e9r\u00e9s comme \u00ab\u00a0surnum\u00e9raires\u00a0\u00bb.  Les conventions collectives sont annul\u00e9es. Les droits syndicaux sont  bafou\u00e9s. Les actes de violence se d\u00e9veloppent, en premier lieu \u00e0 l&rsquo;\u00e9gard  d&rsquo;\u00e9migr\u00e9s. Des meurtres de militants politiques ont \u00e9t\u00e9 perp\u00e9tr\u00e9s.<\/p>\n<p>Le secteur de l&rsquo;\u00e9ducation, qui devrait pr\u00e9parer l&rsquo;avenir de la Gr\u00e8ce,  est particuli\u00e8rement touch\u00e9. De plus, par dizaines de milliers les  jeunes dipl\u00f4m\u00e9s et les \u00e9tudiants grecs \u00e9migrent, notamment vers des pays  d&rsquo;Europe o\u00f9 la crise est moins aigu\u00eb, offrant un afflux de main d&rsquo;\u0153uvre  qualifi\u00e9e qui vient renforcer ces pays au d\u00e9triment de la Gr\u00e8ce.<\/p>\n<p>L&rsquo;enseignement sup\u00e9rieur et la recherche (ESR) avaient su, en Gr\u00e8ce  plus que dans tout autre pays europ\u00e9en, r\u00e9sister au n\u00e9olib\u00e9ralisme.  L&rsquo;article 16 de la Constitution stipule que \u00ab\u00a0Tous les Grecs ont droit \u00e0  l&rsquo;enseignement gratuit \u00e0 tous les niveaux des \u00e9tablissements  d&rsquo;enseignement de l&rsquo;\u00c9tat\u00a0\u00bb. Gr\u00e2ce au haut niveau d&rsquo;engagement de ses  personnels et des \u00e9tudiants, l&rsquo;universit\u00e9 publique et ses instituts de  recherche, malgr\u00e9 un manque chronique de moyens, constituaient une  importante richesse tant pour la jeunesse, que pour la soci\u00e9t\u00e9 dans son  ensemble. La connaissance, la recherche et l&rsquo;enseignement con\u00e7us comme  garants de la d\u00e9mocratie et du d\u00e9veloppement de la soci\u00e9t\u00e9 et du pays  avaient le soutien d\u00e9termin\u00e9 des \u00e9tudiants et de leurs familles qui,  avec des personnels des universit\u00e9s, avaient bloqu\u00e9 ou frein\u00e9 la  soumission de l&rsquo;ESR aux int\u00e9r\u00eats du march\u00e9 et des entreprises. Mais la  crise a donn\u00e9 au gouvernement grec le pr\u00e9texte d&rsquo;un passage en force  d&rsquo;une transformation n\u00e9olib\u00e9rale de l&rsquo;ESR.<\/p>\n<p>En mars 2013,  imposant le plan Ath\u00e9na de \u00ab\u00a0rationalisation\u00a0\u00bb de l&rsquo;affectation des  ressources, reposant sur des fusions et suppressions de d\u00e9partements, de  facult\u00e9s, d&rsquo;universit\u00e9s et d&rsquo;\u00e9tablissements sup\u00e9rieurs techniques, le  gouvernement grec a r\u00e9duit la pr\u00e9sence du service public sur le  territoire, cr\u00e9ant les conditions d&rsquo;une reprise par le priv\u00e9 de secteurs  d&rsquo;enseignement, en violation flagrante du point 16:8 de la Constitution  grecque: \u00ab\u00a0La mise en place d&rsquo;\u00e9tablissements de niveau universitaire  par des personnes priv\u00e9es est interdite\u00a0\u00bb. D\u00e9j\u00e0 avant, on avait commenc\u00e9  \u00e0 octroyer des autorisations \u00e0 ces \u00e9tablissements; pour \u00e9viter  l&rsquo;ill\u00e9galit\u00e9, le gouvernement arguait, par un tour de passe-passe, que  ceux-ci n&rsquo;\u00e9taient nullement des universit\u00e9s priv\u00e9es, car ils n&rsquo;en  avaient pas le nom. Or ces \u00e9tablissements, de nature purement  commerciale, attirent des jeunes qui ne peuvent pas entrer \u00e0  l&rsquo;universit\u00e9, en leur faisant miroiter des formations professionnelles  et un acc\u00e8s rapide sur le march\u00e9 du travail. En r\u00e9alit\u00e9, ils ne font  qu&rsquo;extorquer de l&rsquo;argent, en accentuant davantage la d\u00e9sesp\u00e9rance d&rsquo;une  jeunesse avide d&rsquo;\u00e9tudes et de dipl\u00f4mes.<\/p>\n<p>La situation de la  Gr\u00e8ce est de plus en plus d\u00e9grad\u00e9e, et les dirigeants europ\u00e9ens  poursuivent inflexiblement leur exigence d&rsquo;aust\u00e9rit\u00e9 toujours accrue et  de mise en place du mod\u00e8le n\u00e9olib\u00e9ral. Si bien que l&rsquo;ESR est victime  d&rsquo;une nouvelle r\u00e9duction de ses moyens, avec l&rsquo;objectif de r\u00e9duire de 4 %  le nombre d&rsquo;\u00e9tudiants admis \u00e0 entrer dans l&rsquo;enseignement sup\u00e9rieur en  2014, et l&rsquo;impossibilit\u00e9 pour certains services de fonctionner en raison  du nombre de postes de fonctionnaires supprim\u00e9s. Aujourd&rsquo;hui, ce sont  principalement les personnels administratifs qui sont touch\u00e9s. Mais les  nouvelles mesures qui s&rsquo;annoncent visent \u00e9galement le personnel  technique sp\u00e9cialis\u00e9 et les enseignants. Dans ce contexte, depuis la  rentr\u00e9e universitaire 2013, huit universit\u00e9s grecques ont connu  d&rsquo;importants mouvements de gr\u00e8ve. L&rsquo;universit\u00e9 d&rsquo;Ath\u00e8nes est ferm\u00e9e, son  Pr\u00e9sident sous le coup d&rsquo;une plainte disciplinaire de la part du  Ministre de l&rsquo;\u00c9ducation nationale qui lui reproche de maintenir son  \u00e9tablissement ferm\u00e9 et de \u00ab\u00a0c\u00e9der\u00a0\u00bb ainsi au mouvement de gr\u00e8ve.<\/p>\n<p>Nous apportons notre plein soutien aux coll\u00e8gues mobilis\u00e9s en Gr\u00e8ce  pour d\u00e9fendre leur universit\u00e9, et exprimons notre ferme opposition aux  plans d&rsquo;aust\u00e9rit\u00e9 exig\u00e9s par les chefs d&rsquo;\u00c9tat et de gouvernement de  l&rsquo;UE, la BCE, la commission europ\u00e9enne et le FMI.<\/p>\n<p>Nous appelons les  chefs d&rsquo;\u00c9tat et de gouvernement europ\u00e9ens, en particulier le Pr\u00e9sident  de la r\u00e9publique et le Premier ministre fran\u00e7ais, \u00e0 rapidement impulser  un changement de politique \u00e0 l&rsquo;\u00e9gard de la Gr\u00e8ce. L&rsquo;int\u00e9gration  europ\u00e9enne ne peut se faire sur la base de la d\u00e9sagr\u00e9gation d&rsquo;un pays  membre de l&rsquo;Union. Une politique solidaire avec la Gr\u00e8ce est un devoir \u00e0  l&rsquo;\u00e9gard des femmes et des hommes qui vivent en Gr\u00e8ce et une exigence  pour sauver le projet d&rsquo;une Union \u00e0 l&rsquo;\u00e9chelle europ\u00e9enne.<\/p>\n<p>Les  syndicats fran\u00e7ais de la F\u00e9d\u00e9ration mondiale des travailleurs  scientifiques (FMTS) : SNCS-FSU, Snesup-FSU, SNTRS-CGT, UGICT-CGT.<\/p>\n","protected":false},"excerpt":{"rendered":"<p>Appel des syndicats fran\u00e7ais de la F\u00e9d\u00e9ration mondiale des travailleurs scientifiques, Paris, le 15 janvier 2014. \u00ab\u00a0Pain, \u00e9ducation, libert\u00e9\u00a0\u00bb, le slogan du [&hellip;]<\/p>\n","protected":false},"author":1,"featured_media":0,"comment_status":"open","ping_status":"open","sticky":false,"template":"","format":"standard","meta":[],"categories":[19],"tags":[30],"jetpack_featured_media_url":"","jetpack_shortlink":"https:\/\/wp.me\/p80eNK-KV","jetpack-related-posts":[{"id":2276,"url":"http:\/\/histoirevisuelle.fr\/cv\/icones\/2276\/","url_meta":{"origin":2909,"position":0},"title":"Les classes populaires croient-elles \u00e0 leurs mythes?","date":"15 janvier 2012","format":false,"excerpt":"La naus\u00e9e. Lire un ramassis de clich\u00e9s sur Le Nouveau D\u00e9tective dans Article11, qui taille sans peine un costard au \"torchon trash\" en livrant quelques recettes fictionnelles \u2013 sans se rendre compte le moins du monde que le billet use et abuse lui-m\u00eame de facilit\u00e9s semblables: entr\u00e9e en mati\u00e8re anecdotique\u2026","rel":"","context":"Dans &quot;Lhivic&quot;","img":{"alt_text":"","src":"https:\/\/i0.wp.com\/histoirevisuelle.fr\/cv\/icones\/wp-content\/uploads\/2012\/01\/Detective3.jpg?resize=350%2C200","width":350,"height":200},"classes":[]},{"id":2260,"url":"http:\/\/histoirevisuelle.fr\/cv\/icones\/2260\/","url_meta":{"origin":2909,"position":1},"title":"11 images pour 2011","date":"30 d\u00e9cembre 2011","format":false,"excerpt":"Le printemps des camphones. Dans une ann\u00e9e riche en \u00e9v\u00e9nements iconographiques, la r\u00e9volte tunisienne occupe la premi\u00e8re place. Non pas les classiques all\u00e9gories r\u00e9volutionnaires affich\u00e9es \u00e0 retardement par la presse, mais les usages visuels militants: photos de rassemblements au camphone imm\u00e9diatement retransmises pour appeler \u00e0 rejoindre la manifestation, ou appropriation\u2026","rel":"","context":"Dans &quot;En images&quot;","img":{"alt_text":"","src":"https:\/\/i0.wp.com\/histoirevisuelle.fr\/cv\/icones\/wp-content\/uploads\/2011\/12\/01tunisie.jpg?resize=350%2C200","width":350,"height":200},"classes":[]},{"id":2252,"url":"http:\/\/histoirevisuelle.fr\/cv\/icones\/2252\/","url_meta":{"origin":2909,"position":2},"title":"Th\u00e8se &quot;La photographie et l\u2019industrialisation des images&quot;","date":"15 d\u00e9cembre 2011","format":false,"excerpt":"Soutenue le 12 d\u00e9cembre 2011 au centre Michelet, la th\u00e8se de doctorat de l'EHESS, Photography and the Commodification of Images. From the Bettmann Archive to Corbis (1924-2010), pr\u00e9sent\u00e9e par Estelle Blaschke ((Direction: Andr\u00e9 Gunthert et Michel Poivert, jury pr\u00e9sid\u00e9 par Fran\u00e7ois Brunet, avec l'aimable participation de Matthias Bruhn et d'Olivier\u2026","rel":"","context":"Dans &quot;imagenum&quot;","img":{"alt_text":"","src":"https:\/\/i0.wp.com\/farm8.staticflickr.com\/7167\/6514612865_10ecf52cda.jpg?resize=350%2C200","width":350,"height":200},"classes":[]},{"id":531,"url":"http:\/\/histoirevisuelle.fr\/cv\/icones\/531\/","url_meta":{"origin":2909,"position":3},"title":"La masterisation en pratique","date":"16 avril 2010","format":false,"excerpt":"Lettre ouverte des formateurs du centre de Livry-Gargan de l'IUFM de Cr\u00e9teil \u00e0 l'inspecteur d'acad\u00e9mie de Seine-Saint-Denis, Livry-Gargan, le 14 avril 2010 (via Isabelle Backouche). Objet : remplacements d\u2019enseignants titulaires confi\u00e9s \u00e0 des \u00e9tudiants Monsieur l\u2019inspecteur d\u2019acad\u00e9mie de Seine-Saint-Denis, Ces derniers jours, vos services ont envoy\u00e9 aux \u00e9tudiants qui pr\u00e9parent\u2026","rel":"","context":"Dans &quot;Notes&quot;","img":{"alt_text":"","src":"","width":0,"height":0},"classes":[]},{"id":1724,"url":"http:\/\/histoirevisuelle.fr\/cv\/icones\/1724\/","url_meta":{"origin":2909,"position":4},"title":"La vid\u00e9o qui ne buzzait pas","date":"19 mai 2011","format":false,"excerpt":"Je republie ce billet paru le 26 octobre 2008 sur ARHV, que l'actualit\u00e9 \u00e9claire d'un jour nouveau. En 2007, avec R\u00e9mi Douine, nous avons \u00e9tudi\u00e9 de nombreux cas de vid\u00e9os virales, dans le cadre des campagnes \u00e9lectorales fran\u00e7aises. Avec d'autres, nous avons poursuivi \u00e0 plusieurs reprises l'observation de ces ph\u00e9nom\u00e8nes,\u2026","rel":"","context":"Dans &quot;Lhivic&quot;","img":{"alt_text":"","src":"https:\/\/i0.wp.com\/farm4.static.flickr.com\/3166\/2975527852_0932803ccb.jpg?resize=350%2C200","width":350,"height":200},"classes":[]},{"id":1947,"url":"http:\/\/histoirevisuelle.fr\/cv\/icones\/1947\/","url_meta":{"origin":2909,"position":5},"title":"Le sourire de DSK, ou l&#039;AFP au service de l&#039;illustration","date":"23 ao\u00fbt 2011","format":false,"excerpt":"Peut-on faire dire n'importe quoi \u00e0 une couverture? Selon certains journalistes, les tentatives de d\u00e9cryptage des messages visuels seraient des exercices vains. Comme chacun sait, les photographies ne font que refl\u00e9ter en toute transparence la vision de l'actualit\u00e9. Un raccourci en images du traitement visuel de l'affaire DSK depuis le\u2026","rel":"","context":"Dans &quot;En images&quot;","img":{"alt_text":"","src":"https:\/\/i0.wp.com\/histoirevisuelle.fr\/cv\/icones\/wp-content\/uploads\/2011\/08\/dsk_afp.jpg?resize=350%2C200","width":350,"height":200},"classes":[]}],"_links":{"self":[{"href":"http:\/\/histoirevisuelle.fr\/cv\/icones\/wp-json\/wp\/v2\/posts\/2909"}],"collection":[{"href":"http:\/\/histoirevisuelle.fr\/cv\/icones\/wp-json\/wp\/v2\/posts"}],"about":[{"href":"http:\/\/histoirevisuelle.fr\/cv\/icones\/wp-json\/wp\/v2\/types\/post"}],"author":[{"embeddable":true,"href":"http:\/\/histoirevisuelle.fr\/cv\/icones\/wp-json\/wp\/v2\/users\/1"}],"replies":[{"embeddable":true,"href":"http:\/\/histoirevisuelle.fr\/cv\/icones\/wp-json\/wp\/v2\/comments?post=2909"}],"version-history":[{"count":0,"href":"http:\/\/histoirevisuelle.fr\/cv\/icones\/wp-json\/wp\/v2\/posts\/2909\/revisions"}],"wp:attachment":[{"href":"http:\/\/histoirevisuelle.fr\/cv\/icones\/wp-json\/wp\/v2\/media?parent=2909"}],"wp:term":[{"taxonomy":"category","embeddable":true,"href":"http:\/\/histoirevisuelle.fr\/cv\/icones\/wp-json\/wp\/v2\/categories?post=2909"},{"taxonomy":"post_tag","embeddable":true,"href":"http:\/\/histoirevisuelle.fr\/cv\/icones\/wp-json\/wp\/v2\/tags?post=2909"}],"curies":[{"name":"wp","href":"https:\/\/api.w.org\/{rel}","templated":true}]}}