{"id":2706,"date":"2013-04-12T16:06:28","date_gmt":"2013-04-12T14:06:28","guid":{"rendered":"http:\/\/culturevisuelle.org\/icones\/?p=2706"},"modified":"2013-04-12T16:06:28","modified_gmt":"2013-04-12T14:06:28","slug":"la-preuve-par-nabilla","status":"publish","type":"post","link":"http:\/\/histoirevisuelle.fr\/cv\/icones\/2706\/","title":{"rendered":"La preuve par Nabilla"},"content":{"rendered":"<p>On peut \u00eatre s\u00fbr d&rsquo;une chose: lorsqu&rsquo;un ph\u00e9nom\u00e8ne de la nouvelle culture arrive jusqu&rsquo;\u00e0 Canal Plus, c&rsquo;est qu&rsquo;il est mort. <a href=\"http:\/\/www.canalplus.fr\/c-divertissement\/pid3349-c-le-grand-journal.html?vid=849214\" target=\"_blank\">En recevant Nabilla Benattia<\/a>, h\u00e9ro\u00efne des Anges de la t\u00e9l\u00e9-r\u00e9alit\u00e9, Denisot croyait accrocher les wagons du Grand Journal au train du buzz le plus incompr\u00e9hensible de ces derniers mois. Les experts du Plus se sont longuement pench\u00e9s sur la question: comment est-il possible qu&rsquo;une phrase aussi idiote que \u00ab\u00a0Nan mais allo quoi!\u00a0\u00bb, prononc\u00e9e par une <a href=\"http:\/\/leplus.nouvelobs.com\/contribution\/798233-nabilla-de-loana-a-kardashian-itineraire-d-une-starlette-qui-a-tout-compris.html\" target=\"_blank\">bimbo \u00e0 gros seins<\/a> (et donc \u00e0 petit cerveau), re\u00e7oive un accueil aussi dithyrambique? Toujours raccord avec Canal sur le podium de la clairvoyance, les sp\u00e9cialistes de <em>Lib\u00e9<\/em> briquaient leur analyse: cette \u00ab\u00a0sinistre farce\u00a0\u00bb n&rsquo;\u00e9tait rien d&rsquo;autre que <a href=\"http:\/\/www.ecrans.fr\/La-societe-du-spectacle-de-Nabilla,16092.html\" target=\"_blank\">le point Guy Debord<\/a> d&rsquo;une soci\u00e9t\u00e9 du spectacle en voie de d\u00e9g\u00e9n\u00e9rescence avanc\u00e9e \u2013 rendez-nous Jeanne Moreau et Juliette Gr\u00e9co!<\/p>\n<p><img decoding=\"async\" loading=\"lazy\" class=\"alignnone size-full wp-image-2707\" title=\"nabilla\" src=\"http:\/\/histoirevisuelle.fr\/cv\/icones\/wp-content\/uploads\/2013\/04\/nabilla.jpg\" alt=\"\" width=\"695\" height=\"194\" srcset=\"http:\/\/histoirevisuelle.fr\/cv\/icones\/wp-content\/uploads\/2013\/04\/nabilla.jpg 695w, http:\/\/histoirevisuelle.fr\/cv\/icones\/wp-content\/uploads\/2013\/04\/nabilla-300x84.jpg 300w\" sizes=\"(max-width: 695px) 100vw, 695px\" \/><\/p>\n<p><!--more-->Comme tous ceux qui se r\u00e9f\u00e8rent \u00e0 Debord pour justifier un vieux fond de moralisme napp\u00e9 de Distinction, ces experts passent \u00e9videmment largement \u00e0 c\u00f4t\u00e9 du m\u00e9canisme qui anime le ph\u00e9nom\u00e8ne. Rien de plus dr\u00f4le que ces marquis de la culture qui s&rsquo;offusquent de voir Fanchon arpenter les parquets cir\u00e9s. \u00ab\u00a0Allo, quoi!\u00a0\u00bb, ce n&rsquo;est pas du quart d&rsquo;heure de gloire fa\u00e7on Warhol, c&rsquo;est une manifestation pur sucre de la <a href=\"http:\/\/culturevisuelle.org\/icones\/2191\" target=\"_blank\">culture de l&rsquo;appropriation<\/a>, qui a atteint son apog\u00e9e avec les outils de partage du web, et qui se caract\u00e9rise par la reprise, la satire ou le d\u00e9tournement de mat\u00e9riaux improbables, que seule leur r\u00e9p\u00e9tition fait acc\u00e9der au rang d&rsquo;objets \u00ab\u00a0cultes\u00a0\u00bb. Le ph\u00e9nom\u00e8ne \u00ab\u00a0Nabilla\u00a0\u00bb, ce n&rsquo;est pas la phrase prononc\u00e9e par mademoiselle Benattia, c&rsquo;est sa construction par la r\u00e9ception, sa d\u00e9signation comme objet de conversation, qui la transforme en objet viral, en contenu dont on doit avoir vu la source pour pouvoir \u00e0 son tour le citer, le commenter, s&rsquo;en moquer <a href=\"http:\/\/www.youtube.com\/watch?v=_oVUQeGqCUY\" target=\"_blank\">ou le remixer<\/a>.<\/p>\n<p>Pourquoi <a href=\"http:\/\/leplus.nouvelobs.com\/contribution\/815602-nabilla-au-grand-journal-ou-la-celebration-du-neant-par-canal-plus.html\" target=\"_blank\">inviter Nabilla au Grand Journal<\/a>? Ce sont tous les internautes, tous les m\u00f4mes qui ont souri et ont fait tourner l&rsquo;extrait sur Facebook que Michel Denisot aurait d\u00fb entasser sur le plateau \u2013 car c&rsquo;est bien eux, et non l&rsquo;apprentie mannequin, qui ont fabriqu\u00e9 un jeu participatif instantan\u00e9, un m\u00e8me <a href=\"http:\/\/culturevisuelle.org\/icones\/2550\" target=\"_blank\">aussi typique que Gangnam Style<\/a>, bas\u00e9 lui aussi sur le ridicule apparent d&rsquo;un contenu, qui est la cl\u00e9 de son appropriation.<\/p>\n<p>Un m\u00e8me appuy\u00e9 sur Claude L\u00e9vi-Strauss ou sur Chris Marker conviendrait probablement mieux au go\u00fbt d\u00e9licat du Dr Garriberts. Qu&rsquo;il(s) se rassure(nt): \u00e0 la diff\u00e9rence des internautes, qui ne se sont saisis du \u00ab\u00a0Allo quoi!\u00a0\u00bb que pour mieux le railler, Michel Denisot, lui, prenait tout \u00e0 fait au s\u00e9rieux la nouvelle vedette, en lui accordant le traitement de star auto-r\u00e9alisateur qui est la marque de fabrique de l&rsquo;\u00e9mission.<\/p>\n<p>Nabilla prom\u00e8nera son sourire sur d&rsquo;autres plateaux, sans aucun rapport avec le jeu appropriatif \u2013 de m\u00eame qu&rsquo;interviewer Psy ne r\u00e9v\u00e8le absolument rien sur l&rsquo;engouement Gangnam Style. La t\u00e9l\u00e9 fait de la t\u00e9l\u00e9, et n&rsquo;a toujours rien compris au web, dont les principes viraux fonctionnent \u00e0 l&rsquo;inverse du quart d&rsquo;heure de notori\u00e9t\u00e9 ou de la starisation, par la mise en commun d&rsquo;objets d\u00e9finis par leur appropriabilit\u00e9 et la cr\u00e9ation d&rsquo;une valeur proportionnelle, non \u00e0 l&rsquo;int\u00e9r\u00eat d&rsquo;un contenu, mais \u00e0 son degr\u00e9 de partage.<\/p>\n","protected":false},"excerpt":{"rendered":"<p>On peut \u00eatre s\u00fbr d&rsquo;une chose: lorsqu&rsquo;un ph\u00e9nom\u00e8ne de la nouvelle culture arrive jusqu&rsquo;\u00e0 Canal Plus, c&rsquo;est qu&rsquo;il est mort. En recevant [&hellip;]<\/p>\n","protected":false},"author":1,"featured_media":0,"comment_status":"open","ping_status":"open","sticky":false,"template":"","format":"standard","meta":[],"categories":[24,26],"tags":[67,72,77],"jetpack_featured_media_url":"","jetpack_shortlink":"https:\/\/wp.me\/p80eNK-HE","jetpack-related-posts":[{"id":2249,"url":"http:\/\/histoirevisuelle.fr\/cv\/icones\/2249\/","url_meta":{"origin":2706,"position":0},"title":"Les mauvaises mani\u00e8res de La Barbe","date":"14 d\u00e9cembre 2011","format":false,"excerpt":"Temp\u00eate dans un verre d'eau pour La Barbe, association f\u00e9ministe adepte de la manipulation m\u00e9diatique. Suite \u00e0 une prestation pas tr\u00e8s r\u00e9ussie au Petit Journal de Canal plus du 9 d\u00e9cembre, la toile francophone a bruiss\u00e9 d'une r\u00e9probation largement partag\u00e9e d\u00e9non\u00e7ant \"l'amateurisme\" de C\u00e9line et d'Am\u00e9lie, y compris de la\u2026","rel":"","context":"Dans &quot;Lhivic&quot;","img":{"alt_text":"","src":"","width":0,"height":0},"classes":[]},{"id":2759,"url":"http:\/\/histoirevisuelle.fr\/cv\/icones\/2759\/","url_meta":{"origin":2706,"position":1},"title":"Petits d\u00e9placements du spectacle","date":"13 juillet 2013","format":false,"excerpt":"Si j'essaie de reconstituer le fil, il y a eu d'abord le billet de Jean-No. D\u00e9but avril 2013, je note la diffusion prochaine de la s\u00e9rie Real Humans sur Arte, dont j'ai \u00e9t\u00e9 inform\u00e9 par des affiches et une mention \u00e0 la radio. Un feuilleton de SF est devenu un\u2026","rel":"","context":"Dans &quot;imagenum&quot;","img":{"alt_text":"","src":"https:\/\/i0.wp.com\/histoirevisuelle.fr\/cv\/icones\/wp-content\/uploads\/2013\/07\/Ivanhoe_1874-461x695.jpg?resize=350%2C200","width":350,"height":200},"classes":[]},{"id":597,"url":"http:\/\/histoirevisuelle.fr\/cv\/icones\/597\/","url_meta":{"origin":2706,"position":2},"title":"Ne m&#039;appelez plus droit d&#039;auteur (la preuve par Ken Loach)","date":"5 mai 2010","format":false,"excerpt":"Le r\u00e9alisateur Ken Loach annon\u00e7ait hier son intention de rendre accessible 16 de ses longs m\u00e9trages en VO sur son propre canal YouTube. Las, d\u00e8s cet apr\u00e8s-midi, apr\u00e8s la mise en ligne de 6 de ses films ((Poor Cow (Pas de larmes pour Joy, 1967); Kes (1969); Hidden Agenda (Secret\u2026","rel":"","context":"Dans &quot;Lhivic&quot;","img":{"alt_text":"","src":"https:\/\/i0.wp.com\/farm5.static.flickr.com\/4071\/4581849017_5188f72d18.jpg?resize=350%2C200","width":350,"height":200},"classes":[]},{"id":1747,"url":"http:\/\/histoirevisuelle.fr\/cv\/icones\/1747\/","url_meta":{"origin":2706,"position":3},"title":"Le concombre, image de l&#039;insavoir journalistique","date":"2 juin 2011","format":false,"excerpt":"D'abord associ\u00e9e \u00e0 l'hypoth\u00e8se d'une contamination alimentaire, l'affaire de la nouvelle souche E. Coli a donn\u00e9 lieu \u00e0 un traitement m\u00e9diatique \u00e0 la fois quantitativement abondant et qualitativement r\u00e9duit \u2013 puisqu'il s'est limit\u00e9 \u00e0 la reprise d'une information inv\u00e9rifiable \u00e9manant des autorit\u00e9s sanitaires allemandes ou europ\u00e9ennes. Si l'on prend l'exemple\u2026","rel":"","context":"Dans &quot;En images&quot;","img":{"alt_text":"","src":"https:\/\/i0.wp.com\/histoirevisuelle.fr\/cv\/icones\/wp-content\/uploads\/2011\/06\/LeMonde_EcoliBlr1.jpg?resize=350%2C200","width":350,"height":200},"classes":[]},{"id":2408,"url":"http:\/\/histoirevisuelle.fr\/cv\/icones\/2408\/","url_meta":{"origin":2706,"position":4},"title":"A quoi sert l&#039;histoire des arts?","date":"31 mai 2012","format":false,"excerpt":"C'est pas gagn\u00e9. J'ai assist\u00e9 hier \u00e0 la conf\u00e9rence de presse de l'association des professeurs d'histoire de l'art (APAHAU), qui d\u00e9fendent la transformation en sp\u00e9cialit\u00e9 (dot\u00e9e d'un concours, d'un programme et d'un volume horaire fixe) de l'enseignement d'histoire des arts propos\u00e9 depuis 2009 en coll\u00e8ge et lyc\u00e9e. L'existence m\u00eame d'un\u2026","rel":"","context":"Dans &quot;Lhivic&quot;","img":{"alt_text":"","src":"https:\/\/i0.wp.com\/histoirevisuelle.fr\/cv\/icones\/wp-content\/uploads\/2012\/05\/nbc_vietnam.jpg?resize=350%2C200","width":350,"height":200},"classes":[]},{"id":1978,"url":"http:\/\/histoirevisuelle.fr\/cv\/icones\/1978\/","url_meta":{"origin":2706,"position":5},"title":"Replay 9\/11","date":"6 septembre 2011","format":false,"excerpt":"La question revient sans cesse. Comment nous d\u00e9brouillons-nous avec les milliers d'images auxquelles nous sommes expos\u00e9s en permanence? La r\u00e9ponse est simple. L'image n'arrive pas seule, mais accompagn\u00e9e d'une indication d'\u00e9chelle qui \u2013 par sa taille, sa r\u00e9p\u00e9tition ou d'autres facteurs de valorisation \u2013 situe son importance relative dans la\u2026","rel":"","context":"Dans &quot;En images&quot;","img":{"alt_text":"","src":"https:\/\/i0.wp.com\/img.youtube.com\/vi\/\/0.jpg?resize=350%2C200","width":350,"height":200},"classes":[]}],"_links":{"self":[{"href":"http:\/\/histoirevisuelle.fr\/cv\/icones\/wp-json\/wp\/v2\/posts\/2706"}],"collection":[{"href":"http:\/\/histoirevisuelle.fr\/cv\/icones\/wp-json\/wp\/v2\/posts"}],"about":[{"href":"http:\/\/histoirevisuelle.fr\/cv\/icones\/wp-json\/wp\/v2\/types\/post"}],"author":[{"embeddable":true,"href":"http:\/\/histoirevisuelle.fr\/cv\/icones\/wp-json\/wp\/v2\/users\/1"}],"replies":[{"embeddable":true,"href":"http:\/\/histoirevisuelle.fr\/cv\/icones\/wp-json\/wp\/v2\/comments?post=2706"}],"version-history":[{"count":0,"href":"http:\/\/histoirevisuelle.fr\/cv\/icones\/wp-json\/wp\/v2\/posts\/2706\/revisions"}],"wp:attachment":[{"href":"http:\/\/histoirevisuelle.fr\/cv\/icones\/wp-json\/wp\/v2\/media?parent=2706"}],"wp:term":[{"taxonomy":"category","embeddable":true,"href":"http:\/\/histoirevisuelle.fr\/cv\/icones\/wp-json\/wp\/v2\/categories?post=2706"},{"taxonomy":"post_tag","embeddable":true,"href":"http:\/\/histoirevisuelle.fr\/cv\/icones\/wp-json\/wp\/v2\/tags?post=2706"}],"curies":[{"name":"wp","href":"https:\/\/api.w.org\/{rel}","templated":true}]}}