{"id":2534,"date":"2012-10-08T10:09:17","date_gmt":"2012-10-08T08:09:17","guid":{"rendered":"http:\/\/culturevisuelle.org\/icones\/?p=2534"},"modified":"2012-10-08T10:09:17","modified_gmt":"2012-10-08T08:09:17","slug":"elections-presidentielles-a-lehess","status":"publish","type":"post","link":"http:\/\/histoirevisuelle.fr\/cv\/icones\/2534\/","title":{"rendered":"Elections pr\u00e9sidentielles \u00e0 l&#039;EHESS"},"content":{"rendered":"<p><img decoding=\"async\" loading=\"lazy\" class=\"alignleft size-thumbnail wp-image-2535\" title=\"urne\" src=\"http:\/\/histoirevisuelle.fr\/cv\/icones\/wp-content\/uploads\/2012\/10\/urne-300x246.jpg\" alt=\"\" width=\"180\" height=\"148\" srcset=\"http:\/\/histoirevisuelle.fr\/cv\/icones\/wp-content\/uploads\/2012\/10\/urne-300x246.jpg 300w, http:\/\/histoirevisuelle.fr\/cv\/icones\/wp-content\/uploads\/2012\/10\/urne-768x630.jpg 768w, http:\/\/histoirevisuelle.fr\/cv\/icones\/wp-content\/uploads\/2012\/10\/urne.jpg 948w\" sizes=\"(max-width: 180px) 100vw, 180px\" \/>Branle-bas de combat \u00e0 l&rsquo;EHESS: apr\u00e8s le d\u00e9part impr\u00e9vu en juillet dernier de <a href=\"http:\/\/fr.wikipedia.org\/wiki\/Fran%C3%A7ois_Weil\" target=\"_blank\">Fran\u00e7ois Weil<\/a>, pr\u00e9sident de l&rsquo;Ecole depuis mars 2009, appel\u00e9 aux fonctions de <a href=\"http:\/\/lettre.ehess.fr\/4356\" target=\"_blank\">recteur de l&rsquo;Acad\u00e9mie de Paris<\/a> dans la foul\u00e9e de l&rsquo;installation du pouvoir socialiste, l&rsquo;historien <a href=\"http:\/\/fr.wikipedia.org\/wiki\/Fran%C3%A7ois_Hartog\" target=\"_blank\">Fran\u00e7ois Hartog<\/a> (n\u00e9 en 1946) assure l&rsquo;int\u00e9rim jusqu&rsquo;au 24 novembre 2012, o\u00f9 l&rsquo;assembl\u00e9e des enseignants proc\u00e8dera \u00e0 l&rsquo;\u00e9lection de son successeur. Deux candidats sont en lice: <a href=\"http:\/\/care.ehess.fr\/document.php?id=555\" target=\"_blank\">Pierre-Antoine Fabre<\/a> (n\u00e9 en 1957), historien moderniste, ancien membre du bureau sous la pr\u00e9sidence de <a href=\"http:\/\/fr.wikipedia.org\/wiki\/Dani%C3%A8le_Hervieu-L%C3%A9ger\" target=\"_blank\">Dani\u00e8le Hervieu-L\u00e9ger<\/a>, et <a href=\"http:\/\/fr.wikipedia.org\/wiki\/Pierre-Cyrille_Hautc%C5%93ur\" target=\"_blank\">Pierre-Cyrille Hautcoeur<\/a> (n\u00e9 en 1964), \u00e9conomiste et historien, membre du bureau de la pr\u00e9sidence sortante.<\/p>\n<p><strong>M\u00e0J 26\/11\/2012:<\/strong> L&rsquo;assembl\u00e9e des enseignants a \u00e9lu Pierre-Cyrille Hautc\u0153ur pr\u00e9sident de l&rsquo;EHESS. Le nouveau bureau est compos\u00e9 de  Giorgio Blundo, Juliette Cadiot (secr\u00e9taire), Cyril Lemieux, Marie-Vic Ozouf-Marignier (Direction des enseignements et de la vie \u00e9tudiante).<\/p>\n","protected":false},"excerpt":{"rendered":"<p>Branle-bas de combat \u00e0 l&rsquo;EHESS: apr\u00e8s le d\u00e9part impr\u00e9vu en juillet dernier de Fran\u00e7ois Weil, pr\u00e9sident de l&rsquo;Ecole depuis mars 2009, appel\u00e9 [&hellip;]<\/p>\n","protected":false},"author":1,"featured_media":0,"comment_status":"open","ping_status":"open","sticky":false,"template":"","format":"standard","meta":[],"categories":[28],"tags":[49],"jetpack_featured_media_url":"","jetpack_shortlink":"https:\/\/wp.me\/p80eNK-ES","jetpack-related-posts":[{"id":1842,"url":"http:\/\/histoirevisuelle.fr\/cv\/icones\/1842\/","url_meta":{"origin":2534,"position":0},"title":"Colloque &quot;Photographie, Internet et r\u00e9seaux sociaux&quot;","date":"3 juillet 2011","format":false,"excerpt":"Sous la pr\u00e9sidence de Jean-No\u00ebl Jeanneney et Fran\u00e7ois H\u00e9bel, organis\u00e9 par Fran\u00e7oise Docquiert, mod\u00e9r\u00e9 par Pierre Haski, au th\u00e9\u00e2tre d'Arles, bd Georges Cl\u00e9menceau. 6 juillet, 10h-13h. L\u2019\u00c9conomie des images: ouverture par Jean-No\u00ebl Jeanneney, historien. Intervenants: Andr\u00e9 Gunthert, historien (EHESS), \"L\u2019image fluide\"; David Campbell, consultant (Durham University); Frank Evers (Evergreen Pictures);\u2026","rel":"","context":"Dans &quot;Agenda&quot;","img":{"alt_text":"","src":"","width":0,"height":0},"classes":[]},{"id":300,"url":"http:\/\/histoirevisuelle.fr\/cv\/icones\/300\/","url_meta":{"origin":2534,"position":1},"title":"L&#039;EHESS, dernier arr\u00eat Quai de la Gare","date":"22 d\u00e9cembre 2009","format":false,"excerpt":"Dernier \u00e9pisode d'une longue saga, le d\u00e9m\u00e9nagement des implantations historiques de l'EHESS au 54 bd Raspail devrait finalement s'effectuer en 2010. Alors que le mandat de Dani\u00e8le Hervieu-L\u00e9ger s'\u00e9tait cl\u00f4t sur la perspective peu engageante d'une installation porte de la Chapelle, la pr\u00e9sidence de Fran\u00e7ois Weil s'ouvrait avec l'annonce d'une\u2026","rel":"","context":"Dans &quot;Lhivic&quot;","img":{"alt_text":"","src":"https:\/\/i0.wp.com\/farm3.static.flickr.com\/2512\/4204779614_f438ca14cc_z.jpg?resize=350%2C200","width":350,"height":200},"classes":[]},{"id":2643,"url":"http:\/\/histoirevisuelle.fr\/cv\/icones\/2643\/","url_meta":{"origin":2534,"position":2},"title":"Journ\u00e9e d&#039;\u00e9tudes: &quot;De la diversite\u0301 des humanite\u0301s nume\u0301riques: une exploration des pratiques&quot;","date":"27 f\u00e9vrier 2013","format":false,"excerpt":"Lundi 25 mars 2013, EHESS, amphithe\u0301a\u0302tre, 105 bd Raspail, 75006 Paris (entre\u0301e libre dans la limite des places disponibles). Comite\u0301 d\u2019organisation: Francis Chateauraynaud, Patrick Fridenson, Jean-Pierre Nadal. Matin\u00e9e: Blandine Bril (EHESS), pre\u0301sidente de se\u0301ance 9h-9h30 Ouverture: Pierre-Cyrille Hautcoeur, pre\u0301sident de l'EHESS; Philippe Casella, direction du de\u0301veloppement de la recherche a\u0300\u2026","rel":"","context":"Dans &quot;Agenda&quot;","img":{"alt_text":"","src":"","width":0,"height":0},"classes":[]},{"id":2259,"url":"http:\/\/histoirevisuelle.fr\/cv\/icones\/2259\/","url_meta":{"origin":2534,"position":3},"title":"M\u00e9moires du Lhivic en ligne","date":"28 d\u00e9cembre 2011","format":false,"excerpt":"Th\u00e8ses Estelle Blaschke, Photography and the Commodification of Images. From the Bettmann Archive to Corbis (1924-2010), th\u00e8se de doctorat de l\u2019EHESS, sous la direction d\u2019Andr\u00e9 Gunthert et Michel Poivert, 2011, 280 p. (11 Mo). Thierry Gervais, L\u2019Illustration photographique. Naissance du spectacle de l\u2019information, 1843-1914, th\u00e8se de doctorat de l\u2019EHESS, sous\u2026","rel":"","context":"Dans &quot;Lhivic&quot;","img":{"alt_text":"","src":"","width":0,"height":0},"classes":[]},{"id":2055,"url":"http:\/\/histoirevisuelle.fr\/cv\/icones\/2055\/","url_meta":{"origin":2534,"position":4},"title":"Colloque &quot;Si la photo est bonne&quot;","date":"3 octobre 2011","format":false,"excerpt":"\"Si la photo est bonne. Le r\u00f4le des industries culturelles dans la construction de l'imaginaire\" colloque du Lhivic\/EHESS (direction: Andr\u00e9 Gunthert), 20-22 octobre 2011, Auditorium, Institut national d'histoire de l'art (INHA), 2, rue Vivienne\/6, rue des Petits-Champs, 75002 Paris (plan), entr\u00e9e libre. Argument. Fortement structur\u00e9es autour des formes culturelles, les\u2026","rel":"","context":"Dans &quot;Agenda&quot;","img":{"alt_text":"","src":"https:\/\/i0.wp.com\/histoirevisuelle.fr\/cv\/icones\/wp-content\/uploads\/2011\/10\/silaphotoestbonne-695x463.jpg?resize=350%2C200","width":350,"height":200},"classes":[]},{"id":1774,"url":"http:\/\/histoirevisuelle.fr\/cv\/icones\/1774\/","url_meta":{"origin":2534,"position":5},"title":"Journ\u00e9e d&#039;\u00e9tudes &quot;L&#039;histoire de la photographie en perspective&quot;","date":"9 juin 2011","format":false,"excerpt":"Journ\u00e9e d'\u00e9tudes propos\u00e9e par l'universit\u00e9 Paris 1 Panth\u00e9on-Sorbonne et l'Ecole des Hautes Etudes en Sciences Sociales, sous la responsabilit\u00e9 scientifique de Michel Poivert et Andr\u00e9 Gunthert. Jeudi 30 juin 2011, INHA, 2, rue Vivienne, 75002 Paris, salle Jullian (1er \u00e9tage). 9h30. Introduction par Michel Poivert et Andr\u00e9 Gunthert Acteurs de\u2026","rel":"","context":"Dans &quot;Agenda&quot;","img":{"alt_text":"","src":"","width":0,"height":0},"classes":[]}],"_links":{"self":[{"href":"http:\/\/histoirevisuelle.fr\/cv\/icones\/wp-json\/wp\/v2\/posts\/2534"}],"collection":[{"href":"http:\/\/histoirevisuelle.fr\/cv\/icones\/wp-json\/wp\/v2\/posts"}],"about":[{"href":"http:\/\/histoirevisuelle.fr\/cv\/icones\/wp-json\/wp\/v2\/types\/post"}],"author":[{"embeddable":true,"href":"http:\/\/histoirevisuelle.fr\/cv\/icones\/wp-json\/wp\/v2\/users\/1"}],"replies":[{"embeddable":true,"href":"http:\/\/histoirevisuelle.fr\/cv\/icones\/wp-json\/wp\/v2\/comments?post=2534"}],"version-history":[{"count":0,"href":"http:\/\/histoirevisuelle.fr\/cv\/icones\/wp-json\/wp\/v2\/posts\/2534\/revisions"}],"wp:attachment":[{"href":"http:\/\/histoirevisuelle.fr\/cv\/icones\/wp-json\/wp\/v2\/media?parent=2534"}],"wp:term":[{"taxonomy":"category","embeddable":true,"href":"http:\/\/histoirevisuelle.fr\/cv\/icones\/wp-json\/wp\/v2\/categories?post=2534"},{"taxonomy":"post_tag","embeddable":true,"href":"http:\/\/histoirevisuelle.fr\/cv\/icones\/wp-json\/wp\/v2\/tags?post=2534"}],"curies":[{"name":"wp","href":"https:\/\/api.w.org\/{rel}","templated":true}]}}