{"id":2316,"date":"2012-02-15T09:19:47","date_gmt":"2012-02-15T08:19:47","guid":{"rendered":"http:\/\/culturevisuelle.org\/icones\/?p=2316"},"modified":"2012-02-15T09:19:47","modified_gmt":"2012-02-15T08:19:47","slug":"nouvelles-images-quand-lempreinte-rencontre-la-modelisation","status":"publish","type":"post","link":"http:\/\/histoirevisuelle.fr\/cv\/icones\/2316\/","title":{"rendered":"Nouvelles images: quand l&#039;empreinte rencontre la mod\u00e9lisation"},"content":{"rendered":"<p><object classid=\"d27cdb6e-ae6d-11cf-96b8-444553540000\" width=\"640\" height=\"400\" codebase=\"http:\/\/download.macromedia.com\/pub\/shockwave\/cabs\/flash\/swflash.cab#version=6,0,40,0\"><param name=\"flashvars\" value=\"offsite=true&amp;lang=en-us&amp;page_show_url=%2Fphotos%2Fgunthert%2Fsets%2F72157629326483589%2Fshow%2F&amp;page_show_back_url=%2Fphotos%2Fgunthert%2Fsets%2F72157629326483589%2F&amp;set_id=72157629326483589&amp;jump_to=\" \/><param name=\"allowFullScreen\" value=\"true\" \/><param name=\"src\" value=\"http:\/\/www.flickr.com\/apps\/slideshow\/show.swf?v=109615\" \/><param name=\"allowfullscreen\" value=\"true\" \/><\/object><\/p>\n<p>Je m&rsquo;\u00e9tais promis, lors de ma derni\u00e8re r\u00e9paration dentaire, de me munir de mon appareil photo \u00e0 ma prochaine visite. Le syst\u00e8me d&rsquo;imagerie utilis\u00e9 par mon dentiste a en effet tout pour int\u00e9resser les visualistes. Pour la r\u00e9alisation d&rsquo;une couronne, le logiciel propose, \u00e0 partir d&rsquo;une empreinte laser en 3D, une mod\u00e9lisation de la proth\u00e8se calcul\u00e9e pour offrir la meilleure orientation dans son environnement. Orientable en tous sens \u00e0 l&rsquo;\u00e9cran, la mod\u00e9lisation est <a href=\"http:\/\/sirona.fr\/ecomaXL\/index.php?site=SIRONA_la_dentisterie_numerique_solutions_cabinets_modelisation\" target=\"_blank\">modifiable en temps r\u00e9el par le praticien<\/a>, qui peaufine la reconstruction avant d&rsquo;en envoyer les donn\u00e9es \u00e0 un robot qui usine imm\u00e9diatement la proth\u00e8se en sculptant un bloc de c\u00e9ramique (<em>voir diaporama ci-dessus<\/em>). Je suis ressorti avec ma couronne 35 mn apr\u00e8s m&rsquo;\u00eatre allong\u00e9 sur le fauteuil.<\/p>\n<p>Le plus int\u00e9ressant dans ce syst\u00e8me, c&rsquo;est sa capacit\u00e9 \u00e0 articuler de la mani\u00e8re la plus \u00e9troite l&rsquo;univers de l&#8217;empreinte et celui de la projection, du document et de la synth\u00e8se, du r\u00e9el et du virtuel. Plut\u00f4t que <a href=\"http:\/\/culturevisuelle.org\/icones\/2313\" target=\"_blank\">les discussions th\u00e9oriques sur la nature de la photographie<\/a>, cet exemple t\u00e9moigne des ressources effectives de l&rsquo;imagerie. Des projections d&rsquo;architecture \u00e0 la r\u00e9alit\u00e9 augment\u00e9e en passant par la retouche cosm\u00e9tique, l&rsquo;univers visuel fonde aujourd&rsquo;hui sa puissance, non sur ses propri\u00e9t\u00e9s de reproduction exacte, mais sur l&rsquo;int\u00e9gration des donn\u00e9es du r\u00e9el dans l&rsquo;univers de la mod\u00e9lisation.<\/p>\n","protected":false},"excerpt":{"rendered":"<p>Je m&rsquo;\u00e9tais promis, lors de ma derni\u00e8re r\u00e9paration dentaire, de me munir de mon appareil photo \u00e0 ma prochaine visite. Le syst\u00e8me [&hellip;]<\/p>\n","protected":false},"author":1,"featured_media":0,"comment_status":"open","ping_status":"open","sticky":false,"template":"","format":"standard","meta":[],"categories":[18,24,26,28],"tags":[52,55,73],"jetpack_featured_media_url":"","jetpack_shortlink":"https:\/\/wp.me\/p80eNK-Bm","jetpack-related-posts":[{"id":471,"url":"http:\/\/histoirevisuelle.fr\/cv\/icones\/471\/","url_meta":{"origin":2316,"position":0},"title":"Parution &quot;La Performance des images&quot;","date":"19 mars 2010","format":false,"excerpt":"Les \u00e9ditions de l'universit\u00e9 de Bruxelles annoncent la parution de La Performance des images, dirig\u00e9 par Alain Dierkens, Gil Bartholeyns, Thomas Golsenne, 264 pages, 25 \u20ac.","rel":"","context":"Dans &quot;Lhivic&quot;","img":{"alt_text":"","src":"","width":0,"height":0},"classes":[]},{"id":2497,"url":"http:\/\/histoirevisuelle.fr\/cv\/icones\/2497\/","url_meta":{"origin":2316,"position":1},"title":"Cycle de conf\u00e9rences &quot;L\u2019image en danger&quot;","date":"7 septembre 2012","format":false,"excerpt":"Les conf\u00e9rences Campus Condorcet: \"L\u2019image en danger. Destruction, censure, manipulation\" (sous la direction de Jean-Claude Schmitt, EHESS). Lundi, 19h, the\u0301a\u0302tre de la Commune, 2 rue \u00c9douard-Poisson, et lyce\u0301e Le Corbusier, 44 rue L\u00e9opold-R\u00e9chossi\u00e8re, a\u0300 Aubervilliers. Entre\u0301e libre dans la limite des places disponibles, re\u0301servation recommande\u0301e (t\u00e9l. 01 48 39 51\u2026","rel":"","context":"Dans &quot;Agenda&quot;","img":{"alt_text":"","src":"https:\/\/i0.wp.com\/histoirevisuelle.fr\/cv\/icones\/wp-content\/uploads\/2012\/09\/Aper\u00c3\u00a7uCap011-206x300.jpg?resize=350%2C200","width":350,"height":200},"classes":[]},{"id":1639,"url":"http:\/\/histoirevisuelle.fr\/cv\/icones\/1639\/","url_meta":{"origin":2316,"position":2},"title":"Pourquoi la photo de Ben Laden est due","date":"4 mai 2011","format":false,"excerpt":"Laissons g\u00e9mir ceux qui fustigent d'avance le voyeurisme occidental. Qui a envie de voir la tronche explos\u00e9e de Ben Laden? Cette image-l\u00e0 appartient aux corpus sp\u00e9cialis\u00e9s, imagerie m\u00e9dicale ou images de guerre, qui provoquent un haut le c\u0153ur chez n'importe qui d'autre que ceux qui en usent par fonction. Pas\u2026","rel":"","context":"Dans &quot;En images&quot;","img":{"alt_text":"","src":"https:\/\/i0.wp.com\/farm6.static.flickr.com\/5181\/5682624391_d1ab9d47b5_z.jpg?resize=350%2C200","width":350,"height":200},"classes":[]},{"id":2449,"url":"http:\/\/histoirevisuelle.fr\/cv\/icones\/2449\/","url_meta":{"origin":2316,"position":3},"title":"Iconographie myst\u00e8re","date":"5 juillet 2012","format":false,"excerpt":"Petite exp\u00e9rience. La Une du Monde du jour (dat\u00e9 du 06\/07), \"Un quart des universit\u00e9s en faillite virtuelle\", attire mon attention. Mais l'article n'est pas disponible en ligne et le journal n'est pas paru en raison d'une gr\u00e8ve. J'ach\u00e8te l'exemplaire sous forme de pdf en ligne pour 0,79 euro. Du\u2026","rel":"","context":"Dans &quot;En images&quot;","img":{"alt_text":"","src":"https:\/\/i0.wp.com\/histoirevisuelle.fr\/cv\/icones\/wp-content\/uploads\/2012\/07\/lemonde_mystere.jpg?resize=350%2C200","width":350,"height":200},"classes":[]},{"id":503,"url":"http:\/\/histoirevisuelle.fr\/cv\/icones\/503\/","url_meta":{"origin":2316,"position":4},"title":"La cit\u00e9 qui tremblait","date":"5 avril 2010","format":false,"excerpt":"La France a peur. Et \u00e7a se voit. Apr\u00e8s l'incendie du bus \u00e0 Tremblay-en-France, tous les journaux se penchent sur la cit\u00e9 du Grand Ensemble, le quartier populaire de la ville. Dans Le Monde dat\u00e9 du 2 avril, un dossier questionne \"Le mauvais bilan du tout-r\u00e9pressif\". Pour appuyer cette enqu\u00eate,\u2026","rel":"","context":"Dans &quot;En images&quot;","img":{"alt_text":"","src":"https:\/\/i0.wp.com\/farm3.static.flickr.com\/2791\/4488009334_f05e2ac5d8.jpg?resize=350%2C200","width":350,"height":200},"classes":[]},{"id":1189,"url":"http:\/\/histoirevisuelle.fr\/cv\/icones\/1189\/","url_meta":{"origin":2316,"position":5},"title":"Image \u00e0 compl\u00e9ter","date":"20 octobre 2010","format":false,"excerpt":"Sous le titre \"La p\u00e9nurie de carburants menace les entreprises\" (LeMonde.fr du 19\/10\/2010), la vue de ce qui a l'air d'\u00eatre une portion de p\u00e9riph\u00e9rique \u00e0 l'heure de pointe: files congestionn\u00e9es de v\u00e9hicules pare-choc contre pare-choc, avec le cul d'un camion Calberson qui met une touche orang\u00e9e au milieu d'une\u2026","rel":"","context":"Dans &quot;En images&quot;","img":{"alt_text":"","src":"https:\/\/i0.wp.com\/histoirevisuelle.fr\/cv\/icones\/wp-content\/uploads\/2010\/10\/lemondepenuriecarburants2-499x378.jpg?resize=350%2C200","width":350,"height":200},"classes":[]}],"_links":{"self":[{"href":"http:\/\/histoirevisuelle.fr\/cv\/icones\/wp-json\/wp\/v2\/posts\/2316"}],"collection":[{"href":"http:\/\/histoirevisuelle.fr\/cv\/icones\/wp-json\/wp\/v2\/posts"}],"about":[{"href":"http:\/\/histoirevisuelle.fr\/cv\/icones\/wp-json\/wp\/v2\/types\/post"}],"author":[{"embeddable":true,"href":"http:\/\/histoirevisuelle.fr\/cv\/icones\/wp-json\/wp\/v2\/users\/1"}],"replies":[{"embeddable":true,"href":"http:\/\/histoirevisuelle.fr\/cv\/icones\/wp-json\/wp\/v2\/comments?post=2316"}],"version-history":[{"count":0,"href":"http:\/\/histoirevisuelle.fr\/cv\/icones\/wp-json\/wp\/v2\/posts\/2316\/revisions"}],"wp:attachment":[{"href":"http:\/\/histoirevisuelle.fr\/cv\/icones\/wp-json\/wp\/v2\/media?parent=2316"}],"wp:term":[{"taxonomy":"category","embeddable":true,"href":"http:\/\/histoirevisuelle.fr\/cv\/icones\/wp-json\/wp\/v2\/categories?post=2316"},{"taxonomy":"post_tag","embeddable":true,"href":"http:\/\/histoirevisuelle.fr\/cv\/icones\/wp-json\/wp\/v2\/tags?post=2316"}],"curies":[{"name":"wp","href":"https:\/\/api.w.org\/{rel}","templated":true}]}}