{"id":2268,"date":"2012-01-13T19:53:19","date_gmt":"2012-01-13T18:53:19","guid":{"rendered":"http:\/\/culturevisuelle.org\/icones\/?p=2268"},"modified":"2012-01-13T19:53:19","modified_gmt":"2012-01-13T18:53:19","slug":"anciens-et-nouveaux-medias-face-a-la-perte-du-aaa","status":"publish","type":"post","link":"http:\/\/histoirevisuelle.fr\/cv\/icones\/2268\/","title":{"rendered":"Anciens et nouveaux m\u00e9dias face \u00e0 la perte du AAA"},"content":{"rendered":"<p><strong>(Billet mis \u00e0 jour le 14\/01 \u00e0 9:05)<\/strong> Les r\u00e9seaux sociaux sont-ils  porteurs d&rsquo;une nouvelle cr\u00e9ativit\u00e9? Chaque fois que la question est  pos\u00e9e, il semble difficile d&rsquo;y apporter une r\u00e9ponse tranch\u00e9e, faute de  pouvoir s&rsquo;appuyer sur une \u0153uvre d&rsquo;une qualit\u00e9 suffisante. Mais chercher  le nouveau Flaubert n&rsquo;est peut-\u00eatre pas la bonne mani\u00e8re de r\u00e9pondre \u00e0  la question. L&rsquo;inventivit\u00e9 des outils en ligne privil\u00e9gie des crit\u00e8res  diff\u00e9rents de ceux auxquels est habitu\u00e9e la critique d&rsquo;art, notamment la  r\u00e9activit\u00e9 collective instantan\u00e9e, sur un mode critique ou satirique.  La cr\u00e9ativit\u00e9 en ligne, qui s&rsquo;exprime sous la forme du buzz, suit le  mod\u00e8le classique de l&rsquo;amplification m\u00e9diatique li\u00e9e \u00e0 la cr\u00e9ation d&rsquo;un  \u00e9v\u00e9nement. Son analyse doit donc s&rsquo;\u00e9laborer sur un mode comparatif, \u00e0  partir de l&rsquo;observation concr\u00e8te de cas d&rsquo;\u00e9v\u00e9nementialisation.<\/p>\n<p><img decoding=\"async\" loading=\"lazy\" class=\"alignnone size-full wp-image-2269\" title=\"AAA_lettres\" src=\"http:\/\/histoirevisuelle.fr\/cv\/icones\/wp-content\/uploads\/2012\/01\/AAA_lettres.jpg\" alt=\"\" width=\"695\" height=\"434\" srcset=\"http:\/\/histoirevisuelle.fr\/cv\/icones\/wp-content\/uploads\/2012\/01\/AAA_lettres.jpg 695w, http:\/\/histoirevisuelle.fr\/cv\/icones\/wp-content\/uploads\/2012\/01\/AAA_lettres-300x187.jpg 300w\" sizes=\"(max-width: 695px) 100vw, 695px\" \/><\/p>\n<p><!--more-->Trait\u00e9e sur un mode unanimement alarmiste et catastrophiste, la d\u00e9gradation de la note AAA de la France par Standard &amp; Poors a \u00e9t\u00e9 illustr\u00e9e de la mani\u00e8re la moins cr\u00e9ative possible par les \u00e9ditions de la presse en ligne du 13 janvier au soir. Deux options quasi-exclusives sont retenues: 1) la figuration litt\u00e9rale par jeux de lettres propos\u00e9e par l&rsquo;AFP, reprise par <em>Le Monde<\/em> ou <em>Le Parisien<\/em>, ou leur version Scrabble (d\u00e9j\u00e0 utilis\u00e9e <a href=\"http:\/\/culturevisuelle.org\/totem\/1569\" target=\"_blank\">lors des alertes du mois de d\u00e9cembre<\/a>), propos\u00e9e par Sipa au <em>Nouvel Observateur<\/em>, voire la basique typo autoproduite par <em>Lib\u00e9ration (voir ci-dessus)<\/em>. 2) La fa\u00e7ade de Standard &amp; Poors, propos\u00e9e elle aussi par les grandes agences filaires en diff\u00e9rentes versions, auxquelles ont notamment recours <em>France-Soir, L&rsquo;Express, Le Point, La Tribune<\/em>, etc. (<em>voir ci-dessous<\/em>).<!--more--><\/p>\n<p><img decoding=\"async\" loading=\"lazy\" class=\"alignnone size-full wp-image-2270\" title=\"AAA_facade\" src=\"http:\/\/histoirevisuelle.fr\/cv\/icones\/wp-content\/uploads\/2012\/01\/AAA_facade.jpg\" alt=\"\" width=\"695\" height=\"240\" srcset=\"http:\/\/histoirevisuelle.fr\/cv\/icones\/wp-content\/uploads\/2012\/01\/AAA_facade.jpg 695w, http:\/\/histoirevisuelle.fr\/cv\/icones\/wp-content\/uploads\/2012\/01\/AAA_facade-300x104.jpg 300w\" sizes=\"(max-width: 695px) 100vw, 695px\" \/><\/p>\n<p>Restait une option encore plus minimale: l&rsquo;absence d&rsquo;illustration, retenue par Mediapart ou <em>Le Figaro<\/em>. A 18h, seul le magazine en ligne Slate.fr proposait de faire le lien visuel entre la d\u00e9gradation de la note et le pr\u00e9sident Sarkozy, anticipant une tendance de l&rsquo;illustration \u00e0 venir.<\/p>\n<p><img decoding=\"async\" loading=\"lazy\" class=\"alignnone size-full wp-image-2271\" title=\"AAA_sans\" src=\"http:\/\/histoirevisuelle.fr\/cv\/icones\/wp-content\/uploads\/2012\/01\/AAA_sans.jpg\" alt=\"\" width=\"695\" height=\"238\" srcset=\"http:\/\/histoirevisuelle.fr\/cv\/icones\/wp-content\/uploads\/2012\/01\/AAA_sans.jpg 695w, http:\/\/histoirevisuelle.fr\/cv\/icones\/wp-content\/uploads\/2012\/01\/AAA_sans-300x103.jpg 300w\" sizes=\"(max-width: 695px) 100vw, 695px\" \/><\/p>\n<p>Le contraste ne pouvait pas \u00eatre plus frappant avec la r\u00e9plique contemporaine des r\u00e9seaux  sociaux, marqu\u00e9e par la jovialit\u00e9 et l&rsquo;inventivit\u00e9,  comme si l&rsquo;annonce tragique ne faisait peur \u00e0 personne \u2013 voire \u00e9tait  accueillie avec jubilation par ceux qui l&rsquo;interpr\u00e8tent comme un pr\u00e9sage de la d\u00e9faite \u00e9lectorale de Nicolas Sarkozy.<\/p>\n<p>Sur Twitter, on a  pu observer notamment la cr\u00e9ation du hashtag #Frnce, caract\u00e9ris\u00e9 par la  perte de la lettre A, ou sa version illustr\u00e9e, propos\u00e9e par <a href=\"http:\/\/twitpic.com\/86tjvb\" target=\"_blank\">@Doespirito<\/a>: une fausse couverture faisant allusion \u00e0 l&rsquo;ouvrage <em>La Disparition<\/em>, r\u00e9dig\u00e9 par Georges P\u00e9rec sans utiliser la lettre E.<\/p>\n<p><img decoding=\"async\" loading=\"lazy\" class=\"alignnone size-full wp-image-2272\" title=\"AAA_twitter\" src=\"http:\/\/histoirevisuelle.fr\/cv\/icones\/wp-content\/uploads\/2012\/01\/AAA_twitter.jpg\" alt=\"\" width=\"695\" height=\"512\" srcset=\"http:\/\/histoirevisuelle.fr\/cv\/icones\/wp-content\/uploads\/2012\/01\/AAA_twitter.jpg 695w, http:\/\/histoirevisuelle.fr\/cv\/icones\/wp-content\/uploads\/2012\/01\/AAA_twitter-300x221.jpg 300w\" sizes=\"(max-width: 695px) 100vw, 695px\" \/><\/p>\n<p>Cette traduction d&rsquo;inspiration oulipienne avait \u00e9t\u00e9 anticip\u00e9e par une page \u00e9v\u00e9nement cr\u00e9\u00e9 en d\u00e9cembre sur Facebook, appelant au \u00ab\u00a0<a href=\"http:\/\/www.facebook.com\/events\/136803203097768\/\" target=\"_blank\">Pot de d\u00e9part du troisi\u00e8me A<\/a>\u00ab\u00a0, et d\u00e9j\u00e0 largement aliment\u00e9e par une <a href=\"https:\/\/www.facebook.com\/media\/set\/?set=o.136803203097768&amp;type=1\" target=\"_blank\">s\u00e9rie de parodies de logos de marques ou d&rsquo;affiches de cin\u00e9ma<\/a> d\u00e9pourvus de leur A (<em>merci \u00e0 Dominique Gauthey pour son signalement, voir ci-dessous<\/em>).<\/p>\n<p><img decoding=\"async\" loading=\"lazy\" class=\"alignnone size-full wp-image-2274\" title=\"AAA_logos\" src=\"http:\/\/histoirevisuelle.fr\/cv\/icones\/wp-content\/uploads\/2012\/01\/AAA_logos.jpg\" alt=\"\" width=\"695\" height=\"200\" srcset=\"http:\/\/histoirevisuelle.fr\/cv\/icones\/wp-content\/uploads\/2012\/01\/AAA_logos.jpg 695w, http:\/\/histoirevisuelle.fr\/cv\/icones\/wp-content\/uploads\/2012\/01\/AAA_logos-300x86.jpg 300w\" sizes=\"(max-width: 695px) 100vw, 695px\" \/><\/p>\n<p>D&rsquo;autres r\u00e9actions lettr\u00e9es ont circul\u00e9 sur Facebook, recyclant diverses r\u00e9f\u00e9rences culturelles, comme <em>Le Monde des non-A<\/em> de Van Vogt ou <em>Le Naufrag\u00e9 du A<\/em> de Fred (<em>voir ci-dessous<\/em>).<\/p>\n<p>Hommage involontaire des anciens aux nouveaux m\u00e9dias, mais seule tentative v\u00e9ritablement cr\u00e9ative de la presse classique, <em>Lib\u00e9ration<\/em>, dans sa Une papier du 14 janvier, joue \u00e0 son tour du m\u00e8me de la disparition en faisant tomber la lettre A nom du pr\u00e9sident de la R\u00e9publique au bas de la page (selon Sylvain Bourmeau, cette mise en page, imagin\u00e9e dans la soir\u00e9e du 13, a \u00e9t\u00e9 con\u00e7ue sans  avoir  pris connaissance des r\u00e9actions sur les r\u00e9seaux sociaux; on notera avec int\u00e9r\u00eat la diff\u00e9rence de politique \u00e9ditoriale entre le <em>print<\/em> et le web).<\/p>\n<p><img decoding=\"async\" loading=\"lazy\" class=\"alignnone size-full wp-image-2275\" title=\"AAA_nonA\" src=\"http:\/\/histoirevisuelle.fr\/cv\/icones\/wp-content\/uploads\/2012\/01\/AAA_nonA.jpg\" alt=\"\" width=\"695\" height=\"264\" srcset=\"http:\/\/histoirevisuelle.fr\/cv\/icones\/wp-content\/uploads\/2012\/01\/AAA_nonA.jpg 695w, http:\/\/histoirevisuelle.fr\/cv\/icones\/wp-content\/uploads\/2012\/01\/AAA_nonA-300x114.jpg 300w\" sizes=\"(max-width: 695px) 100vw, 695px\" \/><\/p>\n<ul>\n<li><strong>Lire \u00e9galement:<\/strong> \u00ab\u00a0<a href=\"http:\/\/culturevisuelle.org\/totem\/1569\" target=\"_blank\">Le Scrabble, degr\u00e9 z\u00e9ro de l&rsquo;illustration<\/a>\u00ab\u00a0, 17\/12\/2011.<\/li>\n<\/ul>\n","protected":false},"excerpt":{"rendered":"<p>(Billet mis \u00e0 jour le 14\/01 \u00e0 9:05) Les r\u00e9seaux sociaux sont-ils porteurs d&rsquo;une nouvelle cr\u00e9ativit\u00e9? Chaque fois que la question est [&hellip;]<\/p>\n","protected":false},"author":1,"featured_media":0,"comment_status":"open","ping_status":"open","sticky":false,"template":"","format":"standard","meta":[],"categories":[18,24,26],"tags":[56,77],"jetpack_featured_media_url":"","jetpack_shortlink":"https:\/\/wp.me\/p80eNK-AA","jetpack-related-posts":[{"id":512,"url":"http:\/\/histoirevisuelle.fr\/cv\/icones\/512\/","url_meta":{"origin":2268,"position":0},"title":"La critique est-elle soluble dans internet?","date":"11 avril 2010","format":false,"excerpt":"R\u00e9sum\u00e9 de mon intervention au colloque \"Les facult\u00e9s de juger (critique et v\u00e9rit\u00e9)\", Paris 7, 10 avril 2010. A la question: \"Que devient la critique sur le web?\", on peut r\u00e9pondre en notant qu'il ne suffit pas de num\u00e9riser les pratiques existantes pour les faire exister en ligne. Le web\u2026","rel":"","context":"Dans &quot;Lhivic&quot;","img":{"alt_text":"","src":"","width":0,"height":0},"classes":[]},{"id":2950,"url":"http:\/\/histoirevisuelle.fr\/cv\/icones\/2950\/","url_meta":{"origin":2268,"position":1},"title":"Consommer ou photographier au restaurant, il faut choisir","date":"1 mars 2014","format":false,"excerpt":"Inspir\u00e9 par une enqu\u00eate du New York Times, un article des Inrocks revient sur un des nouveaux marronniers de la photographie conversationnelle: la photo de plats au restaurant. Sans nier l'existence du genre, je remarque son absence \u00e0 peu pr\u00e8s compl\u00e8te sur ma propre timeline. Mon groupe d'amis n'a visiblement\u2026","rel":"","context":"Dans &quot;imagenum&quot;","img":{"alt_text":"","src":"https:\/\/i0.wp.com\/histoirevisuelle.fr\/cv\/icones\/wp-content\/uploads\/2014\/03\/photo_interdite-300x300.png?resize=350%2C200","width":350,"height":200},"classes":[]},{"id":2254,"url":"http:\/\/histoirevisuelle.fr\/cv\/icones\/2254\/","url_meta":{"origin":2268,"position":2},"title":"La r\u00e9volution des consommateurs","date":"18 d\u00e9cembre 2011","format":false,"excerpt":"La nouvelle culture du partage favoris\u00e9e par le web 2.0 a d'abord \u00e9t\u00e9 d\u00e9crite comme une \"r\u00e9volution des amateurs\", au sens d'un renouvellement de la production des biens culturels. En facilitant la r\u00e9alisation et la diffusion d'\u0153uvres musicales, photographiques ou audiovisuelles, les outils num\u00e9riques devaient faire \u00e9merger de nouveaux contenus\u2026","rel":"","context":"Dans &quot;imagenum&quot;","img":{"alt_text":"","src":"","width":0,"height":0},"classes":[]},{"id":2824,"url":"http:\/\/histoirevisuelle.fr\/cv\/icones\/2824\/","url_meta":{"origin":2268,"position":3},"title":"Le cr\u00e9puscule du d\u00e9tournement","date":"25 octobre 2013","format":false,"excerpt":"J'ai \u00e9t\u00e9 invit\u00e9 \u00e0 participer \u00e0 une conf\u00e9rence pilot\u00e9e par le minist\u00e8re de la Culture avec le soutien du campus Microsoft sur les nouvelles pratiques artistiques \u00e0 l\u2019heure du num\u00e9rique, ainsi qu'\u00e0 la mission sur les \"cr\u00e9ations transformatives\" du Conseil sup\u00e9rieur de la propri\u00e9t\u00e9 litt\u00e9raire et artistique, cr\u00e9\u00e9e dans la\u2026","rel":"","context":"Dans &quot;En images&quot;","img":{"alt_text":"","src":"https:\/\/i0.wp.com\/histoirevisuelle.fr\/cv\/icones\/wp-content\/uploads\/2013\/10\/segolene_detournee.jpg?resize=350%2C200","width":350,"height":200},"classes":[]},{"id":2243,"url":"http:\/\/histoirevisuelle.fr\/cv\/icones\/2243\/","url_meta":{"origin":2268,"position":4},"title":"Newsring: aseptiser le d\u00e9bat sur internet","date":"7 d\u00e9cembre 2011","format":false,"excerpt":"Peste! Rien moins qu'\u00abinventer le d\u00e9bat sur internet\u00bb: tel est l'ambitieux programme\u00a0 que s'est fix\u00e9 le nouveau magazine en ligne Newsring, parrain\u00e9 par Fr\u00e9d\u00e9ric Taddei et pilot\u00e9 par Philippe Couve. En d\u00e9couvrant l'\u00e9dito de l'animateur, on se dit qu'il n'a pas d\u00fb circuler beaucoup sur la toile, qui est un\u2026","rel":"","context":"Dans &quot;Lhivic&quot;","img":{"alt_text":"","src":"https:\/\/i0.wp.com\/farm8.staticflickr.com\/7149\/6470349271_a3cbd9c167.jpg?resize=350%2C200","width":350,"height":200},"classes":[]},{"id":1766,"url":"http:\/\/histoirevisuelle.fr\/cv\/icones\/1766\/","url_meta":{"origin":2268,"position":5},"title":"Cr\u00e9ation en r\u00e9gime num\u00e9rique, remarques conclusives","date":"3 juin 2011","format":false,"excerpt":"Venant ponctuer 3 ans de recherches dans le cadre d'un programme ANR, le colloque \"Travail et cr\u00e9ation artistique en r\u00e9gime num\u00e9rique\" (universit\u00e9 d\u2019Avignon, 24-27 mai 2011) pr\u00e9sentait la particularit\u00e9 de confronter des \u00e9tudes consacr\u00e9es au secteurs\u00a0 de la musique, de la photographie et du cin\u00e9ma. Elabor\u00e9 \u00e0 partir d'un appel\u2026","rel":"","context":"Dans &quot;Lhivic&quot;","img":{"alt_text":"","src":"https:\/\/i0.wp.com\/farm3.static.flickr.com\/2671\/5766731407_7b82afe960.jpg?resize=350%2C200","width":350,"height":200},"classes":[]}],"_links":{"self":[{"href":"http:\/\/histoirevisuelle.fr\/cv\/icones\/wp-json\/wp\/v2\/posts\/2268"}],"collection":[{"href":"http:\/\/histoirevisuelle.fr\/cv\/icones\/wp-json\/wp\/v2\/posts"}],"about":[{"href":"http:\/\/histoirevisuelle.fr\/cv\/icones\/wp-json\/wp\/v2\/types\/post"}],"author":[{"embeddable":true,"href":"http:\/\/histoirevisuelle.fr\/cv\/icones\/wp-json\/wp\/v2\/users\/1"}],"replies":[{"embeddable":true,"href":"http:\/\/histoirevisuelle.fr\/cv\/icones\/wp-json\/wp\/v2\/comments?post=2268"}],"version-history":[{"count":0,"href":"http:\/\/histoirevisuelle.fr\/cv\/icones\/wp-json\/wp\/v2\/posts\/2268\/revisions"}],"wp:attachment":[{"href":"http:\/\/histoirevisuelle.fr\/cv\/icones\/wp-json\/wp\/v2\/media?parent=2268"}],"wp:term":[{"taxonomy":"category","embeddable":true,"href":"http:\/\/histoirevisuelle.fr\/cv\/icones\/wp-json\/wp\/v2\/categories?post=2268"},{"taxonomy":"post_tag","embeddable":true,"href":"http:\/\/histoirevisuelle.fr\/cv\/icones\/wp-json\/wp\/v2\/tags?post=2268"}],"curies":[{"name":"wp","href":"https:\/\/api.w.org\/{rel}","templated":true}]}}