{"id":2243,"date":"2011-12-07T08:30:22","date_gmt":"2011-12-07T07:30:22","guid":{"rendered":"http:\/\/culturevisuelle.org\/icones\/?p=2243"},"modified":"2011-12-07T08:30:22","modified_gmt":"2011-12-07T07:30:22","slug":"newsring-aseptiser-le-debat-sur-internet","status":"publish","type":"post","link":"http:\/\/histoirevisuelle.fr\/cv\/icones\/2243\/","title":{"rendered":"Newsring: aseptiser le d\u00e9bat sur internet"},"content":{"rendered":"<p><a href=\"http:\/\/www.flickr.com\/photos\/gunthert\/6470349271\/\"><img decoding=\"async\" loading=\"lazy\" class=\"alignleft\" src=\"http:\/\/farm8.staticflickr.com\/7149\/6470349271_a3cbd9c167.jpg\" alt=\"\" width=\"500\" height=\"398\" \/><\/a>Peste! Rien moins qu&rsquo;<em>\u00abinventer le d\u00e9bat sur internet<\/em>\u00bb: tel est l&rsquo;ambitieux programme\u00a0 que s&rsquo;est fix\u00e9 le nouveau magazine en ligne <a href=\"http:\/\/www.newsring.fr\/\">Newsring<\/a>, parrain\u00e9 par Fr\u00e9d\u00e9ric Taddei et pilot\u00e9 par Philippe Couve. En d\u00e9couvrant <a href=\"http:\/\/www.newsring.fr\/bienvenue-frederic-taddei\" target=\"_blank\">l&rsquo;\u00e9dito de l&rsquo;animateur<\/a>, on se dit qu&rsquo;il n&rsquo;a pas d\u00fb circuler beaucoup sur la toile, qui est un lieu de d\u00e9bat incessant. Et puis l&rsquo;on se souvient que l&rsquo;exercice du commentaire dans la presse en ligne a rapidement tourn\u00e9 vinaigre. Pour de bonnes raisons: la premi\u00e8re r\u00e8gle de la conversation sur un blog est qu&rsquo;elle a lieu entre pairs. En important sur le terrain num\u00e9rique la c\u00e9sure entre \u00e9diteurs et lecteurs, en n&rsquo;intervenant jamais dans l&rsquo;espace des commentaires, les sites de presse n&rsquo;ont fait qu&rsquo;alimenter l&rsquo;antagonisme entre le journalisme comme expression l\u00e9gitime et le d\u00e9fouloir de la pi\u00e9taille, d&rsquo;autant plus violent qu&rsquo;il \u00e9tait ignor\u00e9 et tenu \u00e0 distance.<\/p>\n<p>Plut\u00f4t que de tol\u00e9rer le d\u00e9bat \u00e0 la marge, Newsring veut le mettre au centre. A une condition: \u00ab<em>Sur Newsring, c\u2019est vous qui faites le d\u00e9bat, nous nous contentons de l\u2019orchestrer<\/em>\u00bb. Traduction: du d\u00e9bat, mais organis\u00e9, format\u00e9 par l&rsquo;intervention journalistique, pr\u00e9sente \u00e0 tous les \u00e9tages. J&rsquo;ai \u00e9t\u00e9 contact\u00e9 pour participer \u00e0 ce magazine: on ne m&rsquo;a pas demand\u00e9 d&rsquo;exprimer librement mon avis, mais de r\u00e9pondre \u00e0 une\u00a0 question impos\u00e9e (\u00ab\u00a0Prenons-nous trop de photographies?\u00a0\u00bb), en isolant les arguments, avec une jauge de 1500 signes et blancs maximum chaque. Mises en ligne comme autant de points s\u00e9par\u00e9s \u00e0 discuter, mes interventions ont \u00e9t\u00e9 orn\u00e9es du label \u00ab\u00a0oui\/non\u00a0\u00bb qui permet \u00e0 Newsring d&rsquo;identifier et de classer les positions.<\/p>\n<p>Un d\u00e9bat bien refroidi par une \u00e9ditorialisation omnipr\u00e9sente, qui ne pousse pas vraiment \u00e0 la discussion, mais transforme les opinions en carburant m\u00e9diatique, avec la m\u00eame obsession du cadrage que les \u00e9missions t\u00e9l\u00e9vis\u00e9es. Qui ont d\u00e9montr\u00e9 que la pol\u00e9mique est un bon produit \u00e9ditorial, et donn\u00e9 le mode d&#8217;emploi de sa fabrication: une question qui ne vise pas \u00e0 \u00e9clairer un sujet mais \u00e0 produire un clivage, une s\u00e9lection d&rsquo;invit\u00e9s de bords oppos\u00e9s mais n\u00e9anmoins dociles, un animateur propre sur lui qui g\u00e8re les tours de parole, \u00e9vite les d\u00e9rapages et conserve une apparence civilis\u00e9e au spectacle.<\/p>\n<p>Sur Newsring, on retrouvera donc le rubricage classique de la presse (politique, \u00e9conomie, culture\u2026), les questions sans imagination d&rsquo;\u00e9cole de journalisme,\u00a0 simples reformulations des informations ou des d\u00e9bats du moment, les interventions de sp\u00e9cialistes patent\u00e9s issus de l&rsquo;universit\u00e9\u2026 <em>Le<\/em> <em>Parisien<\/em> avec des points d&rsquo;interrogation. Ajoutons une touche d&rsquo;interactivit\u00e9, qui permet au public de r\u00e9agir dans les cases aux \u00e9v\u00e9nements choisis par la r\u00e9daction, un peu comme le micro-trottoir du JT. Inventer le d\u00e9bat sur internet? Disons plut\u00f4t importer les r\u00e8gles du d\u00e9bat t\u00e9l\u00e9vis\u00e9 sur le web.<\/p>\n","protected":false},"excerpt":{"rendered":"<p>Peste! Rien moins qu&rsquo;\u00abinventer le d\u00e9bat sur internet\u00bb: tel est l&rsquo;ambitieux programme\u00a0 que s&rsquo;est fix\u00e9 le nouveau magazine en ligne Newsring, parrain\u00e9 [&hellip;]<\/p>\n","protected":false},"author":1,"featured_media":0,"comment_status":"open","ping_status":"open","sticky":false,"template":"","format":"standard","meta":[],"categories":[26],"tags":[58,77],"jetpack_featured_media_url":"","jetpack_shortlink":"https:\/\/wp.me\/p80eNK-Ab","jetpack-related-posts":[{"id":2632,"url":"http:\/\/histoirevisuelle.fr\/cv\/icones\/2632\/","url_meta":{"origin":2243,"position":0},"title":"Anatomie d&#039;un World Press Photo","date":"19 f\u00e9vrier 2013","format":false,"excerpt":"Le World Press Photo a d\u00e9sign\u00e9 le 15 f\u00e9vrier ses laur\u00e9ats pour l'ann\u00e9e 2013. Le prix de la photographie d'information a \u00e9t\u00e9 attribu\u00e9 \u00e0 Paul Hansen, du journal su\u00e9dois Dagens Nyheter, pour une image initialement publi\u00e9e le 21 novembre 2012, intitul\u00e9e \"Un enterrement \u00e0 Gaza\". Reprise par les principales agences\u2026","rel":"","context":"Dans &quot;En images&quot;","img":{"alt_text":"","src":"https:\/\/i0.wp.com\/histoirevisuelle.fr\/cv\/icones\/wp-content\/uploads\/2013\/02\/wp_versionscompbd2.jpg?resize=350%2C200","width":350,"height":200},"classes":[]},{"id":2822,"url":"http:\/\/histoirevisuelle.fr\/cv\/icones\/2822\/","url_meta":{"origin":2243,"position":1},"title":"Pourquoi la conversation l&#039;emportera","date":"21 octobre 2013","format":false,"excerpt":"Comme la radio est devenue, pour des raisons pratiques, le m\u00e9dia privil\u00e9gi\u00e9 de la circulation automobile, les journaux papier sont de plus en plus des objets de consommation ponctuelle, dans des situations de d\u00e9connexion, particuli\u00e8rement les transports en commun. Alors que les kiosques \u00e0 journaux p\u00e9riclitent, les gares ou les\u2026","rel":"","context":"Dans &quot;imagenum&quot;","img":{"alt_text":"","src":"https:\/\/i0.wp.com\/farm8.staticflickr.com\/7456\/10400136405_90369b32eb_z_d.jpg?resize=350%2C200","width":350,"height":200},"classes":[]},{"id":2392,"url":"http:\/\/histoirevisuelle.fr\/cv\/icones\/2392\/","url_meta":{"origin":2243,"position":2},"title":"&quot;La m\u00e9diatisation du mouvement universitaire&quot; (sources)","date":"17 mai 2012","format":false,"excerpt":"J'ai remis en ligne r\u00e9cemment, \u00e0 la demande d'Antoine Blanchard, les sources audio du d\u00e9bat \"La m\u00e9diatisation du mouvement universitaire\" que j'avais organis\u00e9 avec Pascale Dubus \u00e0 l'auditorium de l'INHA le 14 mai 2009, suite \u00e0 la plus grave crise travers\u00e9e par l'universit\u00e9 fran\u00e7aise depuis 1968. Revoici les liens pour\u2026","rel":"","context":"Dans &quot;Lhivic&quot;","img":{"alt_text":"","src":"","width":0,"height":0},"classes":[]},{"id":2648,"url":"http:\/\/histoirevisuelle.fr\/cv\/icones\/2648\/","url_meta":{"origin":2243,"position":3},"title":"Le World Press Photo et l&#039;\u00e9chelle du photojournalisme","date":"1 mars 2013","format":false,"excerpt":"Michele Smargiassi, journaliste \u00e0 La Repubblica et sp\u00e9cialiste de photographie me fait l'honneur de discuter mon dernier billet consacr\u00e9 \u00e0 la photo prim\u00e9e par le World Press Photo sur son blog, non sans humour: \"Attenti, questo articolo \u00e8 troppo saturo\" (\"Attention, cet article est trop satur\u00e9\"). C'est un plaisir d'\u00e9changer\u2026","rel":"","context":"Dans &quot;Lhivic&quot;","img":{"alt_text":"","src":"https:\/\/i0.wp.com\/farm9.staticflickr.com\/8235\/8518661703_db351faa19_z.jpg?resize=350%2C200","width":350,"height":200},"classes":[]},{"id":1484,"url":"http:\/\/histoirevisuelle.fr\/cv\/icones\/1484\/","url_meta":{"origin":2243,"position":4},"title":"Naissance d&#039;un photoreporter","date":"20 mars 2011","format":false,"excerpt":"Texte de l'intervention de Hughes L\u00e9glise-Bataille au colloque \"Enjeux de la photographie \u00e0 l'heure d'internet\" (Gens d'images), Maison europ\u00e9enne de la photographie, Paris, 7 d\u00e9cembre 2007, publi\u00e9 \u00e0 l'occasion de sa disparition. Je m\u2019appelle Hughes L\u00e9glise-Bataille, j\u2019ai 39 ans, et dans la vie courante, je ne suis pas photographe mais\u2026","rel":"","context":"Dans &quot;Invit\u00e9s&quot;","img":{"alt_text":"","src":"https:\/\/i0.wp.com\/farm1.static.flickr.com\/40\/116848269_f1671749e4_z.jpg?resize=350%2C200","width":350,"height":200},"classes":[]},{"id":2640,"url":"http:\/\/histoirevisuelle.fr\/cv\/icones\/2640\/","url_meta":{"origin":2243,"position":5},"title":"Oublier Photoshop? Le World Press Photo fait avancer le d\u00e9bat","date":"22 f\u00e9vrier 2013","format":false,"excerpt":"Dans la vie de tous les jours, notre rapport le plus courant \u00e0 l'image d'information est celui de la transparence. Dans la presse, \u00e0 la t\u00e9l\u00e9vision, l'image est utilis\u00e9e pour v\u00e9hiculer des contenus qui nous importent plus que les conditions de sa r\u00e9alisation, suppos\u00e9es relever de la simple m\u00e9diation technique.\u2026","rel":"","context":"Dans &quot;imagenum&quot;","img":{"alt_text":"","src":"https:\/\/i0.wp.com\/histoirevisuelle.fr\/cv\/icones\/wp-content\/uploads\/2013\/02\/hansen_salembd.jpg?resize=350%2C200","width":350,"height":200},"classes":[]}],"_links":{"self":[{"href":"http:\/\/histoirevisuelle.fr\/cv\/icones\/wp-json\/wp\/v2\/posts\/2243"}],"collection":[{"href":"http:\/\/histoirevisuelle.fr\/cv\/icones\/wp-json\/wp\/v2\/posts"}],"about":[{"href":"http:\/\/histoirevisuelle.fr\/cv\/icones\/wp-json\/wp\/v2\/types\/post"}],"author":[{"embeddable":true,"href":"http:\/\/histoirevisuelle.fr\/cv\/icones\/wp-json\/wp\/v2\/users\/1"}],"replies":[{"embeddable":true,"href":"http:\/\/histoirevisuelle.fr\/cv\/icones\/wp-json\/wp\/v2\/comments?post=2243"}],"version-history":[{"count":0,"href":"http:\/\/histoirevisuelle.fr\/cv\/icones\/wp-json\/wp\/v2\/posts\/2243\/revisions"}],"wp:attachment":[{"href":"http:\/\/histoirevisuelle.fr\/cv\/icones\/wp-json\/wp\/v2\/media?parent=2243"}],"wp:term":[{"taxonomy":"category","embeddable":true,"href":"http:\/\/histoirevisuelle.fr\/cv\/icones\/wp-json\/wp\/v2\/categories?post=2243"},{"taxonomy":"post_tag","embeddable":true,"href":"http:\/\/histoirevisuelle.fr\/cv\/icones\/wp-json\/wp\/v2\/tags?post=2243"}],"curies":[{"name":"wp","href":"https:\/\/api.w.org\/{rel}","templated":true}]}}