{"id":1619,"date":"2011-05-02T15:44:14","date_gmt":"2011-05-02T13:44:14","guid":{"rendered":"http:\/\/culturevisuelle.org\/icones\/?p=1619"},"modified":"2011-05-02T15:44:14","modified_gmt":"2011-05-02T13:44:14","slug":"ben-laden-enterre-par-photoshop","status":"publish","type":"post","link":"http:\/\/histoirevisuelle.fr\/cv\/icones\/1619\/","title":{"rendered":"Ben Laden, enterr\u00e9 par Photoshop"},"content":{"rendered":"<p><img decoding=\"async\" loading=\"lazy\" class=\"alignnone size-full wp-image-1620\" title=\"01_TF1benladen\" src=\"http:\/\/histoirevisuelle.fr\/cv\/icones\/wp-content\/uploads\/2011\/05\/01_TF1benladen.jpg\" alt=\"\" width=\"695\" height=\"505\" srcset=\"http:\/\/histoirevisuelle.fr\/cv\/icones\/wp-content\/uploads\/2011\/05\/01_TF1benladen.jpg 695w, http:\/\/histoirevisuelle.fr\/cv\/icones\/wp-content\/uploads\/2011\/05\/01_TF1benladen-300x218.jpg 300w\" sizes=\"(max-width: 695px) 100vw, 695px\" \/><\/p>\n<p>Lundi matin, lendemain de 1<sup>er<\/sup> mai, la France qui s&rsquo;\u00e9tait couch\u00e9e encore \u00e9mue du souvenir du mariage princier se r\u00e9veille en sursaut \u00e0 la nouvelle de la mort de Ben Laden (<em>voir ci-dessus<\/em>).<\/p>\n<p><img decoding=\"async\" loading=\"lazy\" class=\"alignnone size-full wp-image-1621\" title=\"02_blsoldats\" src=\"http:\/\/histoirevisuelle.fr\/cv\/icones\/wp-content\/uploads\/2011\/05\/02_blsoldats.jpg\" alt=\"\" width=\"695\" height=\"210\" srcset=\"http:\/\/histoirevisuelle.fr\/cv\/icones\/wp-content\/uploads\/2011\/05\/02_blsoldats.jpg 695w, http:\/\/histoirevisuelle.fr\/cv\/icones\/wp-content\/uploads\/2011\/05\/02_blsoldats-300x91.jpg 300w\" sizes=\"(max-width: 695px) 100vw, 695px\" \/><\/p>\n<p>Surchauffe dans les r\u00e9dactions. Quel angle choisir pour pr\u00e9senter la disparition de l&rsquo;ennemi public n\u00b0 1, qui met fin \u00e0 dix ans de traque ininterrompue? Vers 8 heures du matin, de nombreux sites de presse, suivant les suggestions visuelles de l&rsquo;AFP, parent au plus press\u00e9 et montrent des soldats apprenant la nouvelle par la t\u00e9l\u00e9vision (<em>voir ci-dessus<\/em>). Traitement minimaliste d&rsquo;une <em>news<\/em> qui ne s&rsquo;est pas encore vraiment concr\u00e9tis\u00e9e.<\/p>\n<p><!--more--><img decoding=\"async\" loading=\"lazy\" class=\"alignnone size-full wp-image-1622\" title=\"03_bl1ediff\" src=\"http:\/\/histoirevisuelle.fr\/cv\/icones\/wp-content\/uploads\/2011\/05\/03_bl1ediff.jpg\" alt=\"\" width=\"695\" height=\"248\" srcset=\"http:\/\/histoirevisuelle.fr\/cv\/icones\/wp-content\/uploads\/2011\/05\/03_bl1ediff.jpg 695w, http:\/\/histoirevisuelle.fr\/cv\/icones\/wp-content\/uploads\/2011\/05\/03_bl1ediff-300x107.jpg 300w\" sizes=\"(max-width: 695px) 100vw, 695px\" \/><\/p>\n<p>Mais les choses s&rsquo;acc\u00e9l\u00e8rent avec l&rsquo;apparition d&rsquo;une image suppos\u00e9e du cadavre, diffus\u00e9e par la t\u00e9l\u00e9vision pakistanaise Geo TV, reprise en France peu apr\u00e8s 8h par I-T\u00e9l\u00e9 et BFM-TV. A 8h46, <em>Le Figaro<\/em> est le premier quotidien national \u00e0 reproduire sur son site une photo d&rsquo;\u00e9cran prise \u00e0 la vol\u00e9e o\u00f9 l&rsquo;image appara\u00eet tr\u00e8s anamorphos\u00e9e: \u00abDes chaines de t\u00e9l\u00e9vision pakistanaises montraient lundi le visage partiellement d\u00e9figur\u00e9 d&rsquo;un homme qu&rsquo;elles pr\u00e9sentent comme Oussama Ben Laden, tu\u00e9 dans une op\u00e9ration am\u00e9ricaine au Pakistan, sans pouvoir cependant authentifier l&rsquo;image. La photo montre un homme arborant une barbe hirsute, le visage en sang et partiellement enfonc\u00e9 au niveau des orbites\u00bb (<em>voir ci-dessus<\/em>).<\/p>\n<p>Malgr\u00e9 toutes ces pr\u00e9cautions oratoires, l&rsquo;appel d&rsquo;article appara\u00eet bien  en Une avec son illustration, composant avec le portrait de Barack  Obama un bon r\u00e9sum\u00e9 visuel de l&rsquo;\u00e9v\u00e9nement du jour (<em>voir ci-dessous<\/em>).<\/p>\n<p><img decoding=\"async\" loading=\"lazy\" class=\"alignnone size-full wp-image-1623\" title=\"04_lefiglemonde\" src=\"http:\/\/histoirevisuelle.fr\/cv\/icones\/wp-content\/uploads\/2011\/05\/04_lefiglemonde.jpg\" alt=\"\" width=\"695\" height=\"489\" srcset=\"http:\/\/histoirevisuelle.fr\/cv\/icones\/wp-content\/uploads\/2011\/05\/04_lefiglemonde.jpg 695w, http:\/\/histoirevisuelle.fr\/cv\/icones\/wp-content\/uploads\/2011\/05\/04_lefiglemonde-300x211.jpg 300w\" sizes=\"(max-width: 695px) 100vw, 695px\" \/><\/p>\n<p>Ce choix est risqu\u00e9. Comme le sugg\u00e8re le diaporama du Monde (<em>voir ci-dessus<\/em>), le visage du chef d&rsquo;Al Quaida, dont on n&rsquo;a aucun portrait r\u00e9cent, devrait \u00eatre plus \u00e2g\u00e9, sa barbe grise, comme en t\u00e9moignait une vid\u00e9o de 2004. Plut\u00f4t que de montrer l&rsquo;image, m\u00eame assortie des prudences du conditionnel, LeMonde.fr ou Lib\u00e9ration.fr ont choisi de s&rsquo;abstenir, en attendant de plus amples v\u00e9rifications.<\/p>\n<p><img decoding=\"async\" loading=\"lazy\" class=\"alignnone size-full wp-image-1624\" title=\"05_BFM_ITele\" src=\"http:\/\/histoirevisuelle.fr\/cv\/icones\/wp-content\/uploads\/2011\/05\/05_BFM_ITele.jpg\" alt=\"\" width=\"695\" height=\"195\" srcset=\"http:\/\/histoirevisuelle.fr\/cv\/icones\/wp-content\/uploads\/2011\/05\/05_BFM_ITele.jpg 695w, http:\/\/histoirevisuelle.fr\/cv\/icones\/wp-content\/uploads\/2011\/05\/05_BFM_ITele-300x84.jpg 300w\" sizes=\"(max-width: 695px) 100vw, 695px\" \/><\/p>\n<p>Mais la tentation est trop forte. Alors qu&rsquo;I-t\u00e9l\u00e9 et BFM-TV reprennent en boucle la photo du visage tum\u00e9fi\u00e9 (<em>voir ci-dessus<\/em>), l&rsquo;AFP publie \u00e0 8h46 en t\u00eate de son choix d&rsquo;images une photo d&rsquo;Irakiens pointant du doigt la reprise de la photo sur un \u00e9cran de t\u00e9l\u00e9 \u00e0 Bagdad. <em>Le Parisien<\/em> n&rsquo;h\u00e9site plus, et affiche sur son site \u00e0 9h04 \u00ables images du cadavre de Ben Laden\u00bb, suivi \u00e0 9h24 par le <em>Nouvel Observateur<\/em>, qui l&rsquo;ins\u00e8re en encart sur un portrait d&rsquo;Obama, pour une composition proche de celle du Figaro.fr (<em>voir ci-dessous<\/em>).<\/p>\n<p><img decoding=\"async\" loading=\"lazy\" class=\"alignnone size-full wp-image-1625\" title=\"06_bldead\" src=\"http:\/\/histoirevisuelle.fr\/cv\/icones\/wp-content\/uploads\/2011\/05\/06_bldead.jpg\" alt=\"\" width=\"695\" height=\"731\" srcset=\"http:\/\/histoirevisuelle.fr\/cv\/icones\/wp-content\/uploads\/2011\/05\/06_bldead.jpg 695w, http:\/\/histoirevisuelle.fr\/cv\/icones\/wp-content\/uploads\/2011\/05\/06_bldead-285x300.jpg 285w\" sizes=\"(max-width: 695px) 100vw, 695px\" \/><\/p>\n<p>Entretemps, sur Twitter, l&rsquo;information se r\u00e9pand que cette photo serait un trucage. Rosaura Ochoa a <a href=\"http:\/\/twitpic.com\/4s92m2\" target=\"_blank\">mis en ligne sur Twitpic<\/a> d\u00e8s 9h un montage qui montre que le visage tum\u00e9fi\u00e9 est une image retouch\u00e9e r\u00e9alis\u00e9e \u00e0 partir d&rsquo;un portrait de Ben Laden de 1998 par Reuters (une image qui a d&rsquo;ailleurs \u00e9t\u00e9 utilis\u00e9e pour illustrer la Une du <em>Nouvel Obs<\/em> quelques minutes auparavant\u2026). <a href=\"http:\/\/www.buzzfeed.com\/news\/osama-bin-laden-dead-pics-disturbing-nec\" target=\"_blank\">Selon Buzzfeed<\/a>, il s&rsquo;agit d&rsquo;un <em>fake<\/em> d\u00e9j\u00e0 ancien. Cette image existe effectivement en de nombreux exemplaires sur internet, par exemple en illustration, <a href=\"http:\/\/www.thepeoplesvoice.org\/TPV3\/Voices.php\/2009\/04\/29\/osama-bin-laden-believed-dead-by-pak-int\" target=\"_blank\">dat\u00e9e d&rsquo;avril 2009<\/a>, d&rsquo;un article conspirationniste affirmant que le terroriste est d\u00e9j\u00e0 mort (<em>voir ci-dessous<\/em>).<\/p>\n<p><img decoding=\"async\" loading=\"lazy\" class=\"alignnone size-full wp-image-1634\" title=\"07_blpreuve\" src=\"http:\/\/histoirevisuelle.fr\/cv\/icones\/wp-content\/uploads\/2011\/05\/07_blpreuve1.jpg\" alt=\"\" width=\"695\" height=\"402\" srcset=\"http:\/\/histoirevisuelle.fr\/cv\/icones\/wp-content\/uploads\/2011\/05\/07_blpreuve1.jpg 695w, http:\/\/histoirevisuelle.fr\/cv\/icones\/wp-content\/uploads\/2011\/05\/07_blpreuve1-300x174.jpg 300w\" sizes=\"(max-width: 695px) 100vw, 695px\" \/><br \/>\n<img decoding=\"async\" loading=\"lazy\" class=\"alignnone size-full wp-image-1631\" title=\"09_bldead\" src=\"http:\/\/histoirevisuelle.fr\/cv\/icones\/wp-content\/uploads\/2011\/05\/09_bldead.jpg\" alt=\"\" width=\"695\" height=\"247\" srcset=\"http:\/\/histoirevisuelle.fr\/cv\/icones\/wp-content\/uploads\/2011\/05\/09_bldead.jpg 695w, http:\/\/histoirevisuelle.fr\/cv\/icones\/wp-content\/uploads\/2011\/05\/09_bldead-300x107.jpg 300w\" sizes=\"(max-width: 695px) 100vw, 695px\" \/><\/p>\n<p>Je relaie \u00e0 mon tour sur Twitter l&rsquo;information du trucage. Le <em>Nouvel Observateur<\/em> est le premier \u00e0 changer son illustration de Une, \u00e0 9h45. Averti par ses lecteurs en commentaire, LeFigaro.fr modifie l&rsquo;article \u00e0 9h56, puis retire l&rsquo;illustration en appel de Une. Par la gr\u00e2ce des mises \u00e0 jour, le d\u00e9rapage est effac\u00e9 sans laisser de traces. Mais \u00e0 10h32, alors que l&rsquo;AFP a mis \u00e0 jour sa s\u00e9lection d&rsquo;images, I-T\u00e9l\u00e9 continue \u00e0 diffuser la photo du pr\u00e9tendu cadavre (<em>voir ci-dessus<\/em>).<\/p>\n<p><img decoding=\"async\" loading=\"lazy\" class=\"alignnone size-full wp-image-1627\" title=\"08_blmaj\" src=\"http:\/\/histoirevisuelle.fr\/cv\/icones\/wp-content\/uploads\/2011\/05\/08_blmaj.jpg\" alt=\"\" width=\"695\" height=\"270\" srcset=\"http:\/\/histoirevisuelle.fr\/cv\/icones\/wp-content\/uploads\/2011\/05\/08_blmaj.jpg 695w, http:\/\/histoirevisuelle.fr\/cv\/icones\/wp-content\/uploads\/2011\/05\/08_blmaj-300x117.jpg 300w\" sizes=\"(max-width: 695px) 100vw, 695px\" \/><\/p>\n<p>A la diff\u00e9rence de la capture de Saddam Hussein, les pouvoirs publics am\u00e9ricains n&rsquo;ont pas publi\u00e9 les images de l&rsquo;assaut ni de la mort de Ben Laden, dont le corps a \u00e9t\u00e9, a-t-on appris au cours de la matin\u00e9e, enseveli en haute mer. Les apercevra-t-on plus tard? L&rsquo;\u00e9tat de la d\u00e9pouille risque de contredire la formule \u00ab\u00a0justice est faite\u00a0\u00bb utilis\u00e9e par le pr\u00e9sident Obama pour qualifier l&rsquo;op\u00e9ration. Pour l&rsquo;heure, les Etats-Unis ne souhaitent visiblement pas favoriser le culte d&rsquo;un martyr.<\/p>\n<p>Mais le portrait de l&rsquo;ennemi vaincu, figure habituelle de la victoire, manque. Ben Laden n&rsquo;\u00e9tait pas n&rsquo;importe quel ennemi, mais un homme traqu\u00e9 dont l&rsquo;image s&rsquo;\u00e9tait progressivement amenuis\u00e9e, encourageant tous les fantasmes. La confirmation de sa d\u00e9faite \u00e9tait si ardemment d\u00e9sir\u00e9e qu&rsquo;on aura pu la projeter dans un m\u00e9diocre trucage, illisible \u00e0 force de passer de support en support. Comme par un dernier pied de nez, c&rsquo;est Photoshop qui aura fourni \u00e0 l&rsquo;Occident cette preuve ultime de sa victoire. <em>(Merci \u00e0 Valentina Grossi et Vincent Glad pour leur concours.)<\/em><\/p>\n","protected":false},"excerpt":{"rendered":"<p>Lundi matin, lendemain de 1er mai, la France qui s&rsquo;\u00e9tait couch\u00e9e encore \u00e9mue du souvenir du mariage princier se r\u00e9veille en sursaut [&hellip;]<\/p>\n","protected":false},"author":1,"featured_media":0,"comment_status":"open","ping_status":"open","sticky":false,"template":"","format":"standard","meta":[],"categories":[18,24,28],"tags":[56,58,69,77],"jetpack_featured_media_url":"","jetpack_shortlink":"https:\/\/wp.me\/p80eNK-q7","jetpack-related-posts":[{"id":1639,"url":"http:\/\/histoirevisuelle.fr\/cv\/icones\/1639\/","url_meta":{"origin":1619,"position":0},"title":"Pourquoi la photo de Ben Laden est due","date":"4 mai 2011","format":false,"excerpt":"Laissons g\u00e9mir ceux qui fustigent d'avance le voyeurisme occidental. Qui a envie de voir la tronche explos\u00e9e de Ben Laden? Cette image-l\u00e0 appartient aux corpus sp\u00e9cialis\u00e9s, imagerie m\u00e9dicale ou images de guerre, qui provoquent un haut le c\u0153ur chez n'importe qui d'autre que ceux qui en usent par fonction. Pas\u2026","rel":"","context":"Dans &quot;En images&quot;","img":{"alt_text":"","src":"https:\/\/i0.wp.com\/farm6.static.flickr.com\/5181\/5682624391_d1ab9d47b5_z.jpg?resize=350%2C200","width":350,"height":200},"classes":[]},{"id":1650,"url":"http:\/\/histoirevisuelle.fr\/cv\/icones\/1650\/","url_meta":{"origin":1619,"position":1},"title":"Qui a peur de l&#039;image de Ben Laden?","date":"5 mai 2011","format":false,"excerpt":"Ne pas montrer. Dans une civilisation dite de l'image, le choix para\u00eet in\u00e9dit et courageux. Nous ne ferons pas de la photo de Ben Laden un troph\u00e9e, d\u00e9clare Obama, ce n'est pas notre genre. Comprendre: le temps des images un peu crades de Saddam Hussein exhib\u00e9es sous l'\u00e8re Bush est\u2026","rel":"","context":"Dans &quot;Lhivic&quot;","img":{"alt_text":"","src":"","width":0,"height":0},"classes":[]},{"id":2144,"url":"http:\/\/histoirevisuelle.fr\/cv\/icones\/2144\/","url_meta":{"origin":1619,"position":2},"title":"Paternalisme visuel","date":"26 octobre 2011","format":false,"excerpt":"Jeudi 20 octobre au soir, je sors du colloque \"Si la photo est bonne\" et rebranche mon iPhone. L'appareil s'anime: divers messages de journalistes me demandent mon avis sur les images de la mort de Khadafi. Que j'apprends par ce biais. Je d\u00e9couvre quelques extraits des vid\u00e9os au JT du\u2026","rel":"","context":"Dans &quot;Lhivic&quot;","img":{"alt_text":"","src":"","width":0,"height":0},"classes":[]},{"id":1888,"url":"http:\/\/histoirevisuelle.fr\/cv\/icones\/1888\/","url_meta":{"origin":1619,"position":3},"title":"Les m\u00e9tamorphoses de Nafissatou Diallo","date":"25 juillet 2011","format":false,"excerpt":"La d\u00e9fense de Nafissatou Diallo a d\u00e9cid\u00e9 de publier son t\u00e9moignage, \u00e0 une semaine de l'audience du 1er ao\u00fbt, via une longue interview reproduite par Newsweek et un entretien avec Robin Roberts sur ABC, diffus\u00e9s l'un et l'autre le 25 juillet (voir ci-dessus). A cette occasion, le grand public peut\u2026","rel":"","context":"Dans &quot;En images&quot;","img":{"alt_text":"","src":"https:\/\/i0.wp.com\/histoirevisuelle.fr\/cv\/icones\/wp-content\/uploads\/2011\/07\/nafiretouche.jpg?resize=350%2C200","width":350,"height":200},"classes":[]},{"id":1738,"url":"http:\/\/histoirevisuelle.fr\/cv\/icones\/1738\/","url_meta":{"origin":1619,"position":4},"title":"Cartes postales du mois de mai","date":"28 mai 2011","format":false,"excerpt":"En mai, fait ce qu'il te pla\u00eet, dit le dicton. Mais si l'on ajoute les soubresauts de l'actualit\u00e9 \u00e0 l'agenda universitaire, on comprendra que je ne suis pas f\u00e2ch\u00e9 de voir la fin d'un mois plut\u00f4t anim\u00e9. Un relev\u00e9 qui explique mon absence sur les marches du Palais des festivals\u2026","rel":"","context":"Dans &quot;Enseignement&quot;","img":{"alt_text":"","src":"https:\/\/i0.wp.com\/histoirevisuelle.fr\/cv\/icones\/wp-content\/uploads\/2011\/05\/cartespostalesmai.jpg?resize=350%2C200","width":350,"height":200},"classes":[]},{"id":1662,"url":"http:\/\/histoirevisuelle.fr\/cv\/icones\/1662\/","url_meta":{"origin":1619,"position":5},"title":"Site de presse cherche intellectuel en promotion","date":"8 mai 2011","format":false,"excerpt":"Le rachat du Huffington Post par AOL en f\u00e9vrier dernier a relanc\u00e9 les d\u00e9bats sur l'\u00e9conomie de l'(in)gratitude. On a entendu la voix des blogueurs fatigu\u00e9s d'\u00eatre pris pour des vaches \u00e0 lait en \u00e9change d'un peu d'audience, et fait r\u00e9sonner les adages de la sagesse populaire qui \u00e9clairent l'\u00e9conomie\u2026","rel":"","context":"Dans &quot;Lhivic&quot;","img":{"alt_text":"","src":"","width":0,"height":0},"classes":[]}],"_links":{"self":[{"href":"http:\/\/histoirevisuelle.fr\/cv\/icones\/wp-json\/wp\/v2\/posts\/1619"}],"collection":[{"href":"http:\/\/histoirevisuelle.fr\/cv\/icones\/wp-json\/wp\/v2\/posts"}],"about":[{"href":"http:\/\/histoirevisuelle.fr\/cv\/icones\/wp-json\/wp\/v2\/types\/post"}],"author":[{"embeddable":true,"href":"http:\/\/histoirevisuelle.fr\/cv\/icones\/wp-json\/wp\/v2\/users\/1"}],"replies":[{"embeddable":true,"href":"http:\/\/histoirevisuelle.fr\/cv\/icones\/wp-json\/wp\/v2\/comments?post=1619"}],"version-history":[{"count":0,"href":"http:\/\/histoirevisuelle.fr\/cv\/icones\/wp-json\/wp\/v2\/posts\/1619\/revisions"}],"wp:attachment":[{"href":"http:\/\/histoirevisuelle.fr\/cv\/icones\/wp-json\/wp\/v2\/media?parent=1619"}],"wp:term":[{"taxonomy":"category","embeddable":true,"href":"http:\/\/histoirevisuelle.fr\/cv\/icones\/wp-json\/wp\/v2\/categories?post=1619"},{"taxonomy":"post_tag","embeddable":true,"href":"http:\/\/histoirevisuelle.fr\/cv\/icones\/wp-json\/wp\/v2\/tags?post=1619"}],"curies":[{"name":"wp","href":"https:\/\/api.w.org\/{rel}","templated":true}]}}