{"id":1507,"date":"2011-03-26T11:49:35","date_gmt":"2011-03-26T09:49:35","guid":{"rendered":"http:\/\/culturevisuelle.org\/icones\/?p=1507"},"modified":"2011-03-26T11:49:35","modified_gmt":"2011-03-26T09:49:35","slug":"projection-de-lemigrant-kamil-yarmatov-1934","status":"publish","type":"post","link":"http:\/\/histoirevisuelle.fr\/cv\/icones\/1507\/","title":{"rendered":"Projection de &quot;L&#039;Emigrant&quot; (Kamil Yarmatov, 1934)"},"content":{"rendered":"<p><a href=\"http:\/\/histoirevisuelle.fr\/cv\/icones\/wp-content\/uploads\/2011\/03\/lemigrant.jpg\"><img decoding=\"async\" loading=\"lazy\" class=\"alignleft size-thumbnail wp-image-1508\" title=\"lemigrant\" src=\"http:\/\/histoirevisuelle.fr\/cv\/icones\/wp-content\/uploads\/2011\/03\/lemigrant-300x202.jpg\" alt=\"\" width=\"300\" height=\"202\" \/><\/a>Le cycle <em>\u00c0 la rencontre de l&rsquo;autre <\/em>propose la projection du film de propagande antireligieuse de Kamil Yarmatov <em>L&rsquo;Emigrant<\/em> (Tadjikistan, muet, 1934) le mercredi 6 avril \u00e0 l&rsquo;EHESS (18h-20h30, amphith\u00e9\u00e2tre, 105 bd Raspail, 75006 Paris), entr\u00e9e libre.<\/p>\n<p>Kamil est l&rsquo;un des meilleurs ouvriers agricoles du kolkhoze \u00ab\u00a0L&rsquo;\u00e9toile rouge\u00a0\u00bb au Tadjikistan. Il vit heureux avec sa femme jusqu&rsquo;\u00e0 l&rsquo;arriv\u00e9e du saboteur Nuredtin, ancien citoyen sovi\u00e9tique qui a pr\u00e9f\u00e9r\u00e9 fuir pour \u00ab\u00a0un pays o\u00f9 l&rsquo;islam est sacr\u00e9\u00a0\u00bb. Il revient dans le kolkhoze en usurpant l&rsquo;identit\u00e9 d&rsquo;un \u00e9ducateur politique afin de lutter contre le r\u00e9gime sovi\u00e9tique et inciter Kamil, victime de sabotages r\u00e9p\u00e9t\u00e9s, \u00e0 rejoindre le \u00ab\u00a0droit chemin\u00a0\u00bb de la religion&#8230;<\/p>\n<p>S\u00e9ance anim\u00e9e par Clo\u00e9 Drieu, avec la participation (sous r\u00e9serve) de Gulya Mirzoeva (\u00ab\u00a0Derri\u00e8re la for\u00eat\u00a0\u00bb, 1999; \u00ab\u00a0Le temps des fronti\u00e8res\u00a0\u00bb, 2006). La version projet\u00e9e b\u00e9n\u00e9ficie d&rsquo;une bande-son (musique traditionnelle) enregistr\u00e9e\u00a0lors de sa diffusion sous forme de cin\u00e9-concert dans le cadre du Festival des 3 Continents de Nantes (2009).<\/p>\n","protected":false},"excerpt":{"rendered":"<p>Le cycle \u00c0 la rencontre de l&rsquo;autre propose la projection du film de propagande antireligieuse de Kamil Yarmatov L&rsquo;Emigrant (Tadjikistan, muet, 1934) [&hellip;]<\/p>\n","protected":false},"author":1,"featured_media":0,"comment_status":"open","ping_status":"open","sticky":false,"template":"","format":"standard","meta":[],"categories":[16],"tags":[41,49],"jetpack_featured_media_url":"","jetpack_shortlink":"https:\/\/wp.me\/p80eNK-oj","jetpack-related-posts":[{"id":2575,"url":"http:\/\/histoirevisuelle.fr\/cv\/icones\/2575\/","url_meta":{"origin":1507,"position":0},"title":"Colloque &quot;Edgar Morin et l&#039;\u00e2me du cin\u00e9ma&quot;","date":"13 d\u00e9cembre 2012","format":false,"excerpt":"11-12 janvier 2013, en pr\u00e9sence d\u2019Edgar Morin, salle Louis Lumi\u00e8re, Hotel de l'industrie, Soci\u00e9t\u00e9 d\u2019Encouragement \u00e0 l\u2019Industrie Nationale, 4 place St Germain des Pr\u00e8s, 75006 Paris. Organisation et responsabilit\u00e9 scientifique: Monique Peyriere (Centre Edgar Morin-IIAC\/ CNRS-EHESS, Centre Pierre Naville, Universit\u00e9 d\u2019Evry), Claude Fischler (Institut Interdisciplinaire d\u2019Anthropologie du Contemporain\/CNRS-EHESS). \u00abAu sein\u2026","rel":"","context":"Dans &quot;Agenda&quot;","img":{"alt_text":"","src":"https:\/\/i0.wp.com\/histoirevisuelle.fr\/cv\/icones\/wp-content\/uploads\/2012\/12\/edgarmorin-212x300.jpg?resize=350%2C200","width":350,"height":200},"classes":[]},{"id":2643,"url":"http:\/\/histoirevisuelle.fr\/cv\/icones\/2643\/","url_meta":{"origin":1507,"position":1},"title":"Journ\u00e9e d&#039;\u00e9tudes: &quot;De la diversite\u0301 des humanite\u0301s nume\u0301riques: une exploration des pratiques&quot;","date":"27 f\u00e9vrier 2013","format":false,"excerpt":"Lundi 25 mars 2013, EHESS, amphithe\u0301a\u0302tre, 105 bd Raspail, 75006 Paris (entre\u0301e libre dans la limite des places disponibles). Comite\u0301 d\u2019organisation: Francis Chateauraynaud, Patrick Fridenson, Jean-Pierre Nadal. Matin\u00e9e: Blandine Bril (EHESS), pre\u0301sidente de se\u0301ance 9h-9h30 Ouverture: Pierre-Cyrille Hautcoeur, pre\u0301sident de l'EHESS; Philippe Casella, direction du de\u0301veloppement de la recherche a\u0300\u2026","rel":"","context":"Dans &quot;Agenda&quot;","img":{"alt_text":"","src":"","width":0,"height":0},"classes":[]},{"id":2568,"url":"http:\/\/histoirevisuelle.fr\/cv\/icones\/2568\/","url_meta":{"origin":1507,"position":2},"title":"Le devenir professionnel des docteurs de l&#039;EHESS","date":"28 novembre 2012","format":false,"excerpt":"En 2011, la Direction des enseignements et de la vie \u00e9tudiante de l'EHESS a lanc\u00e9 une enqu\u00eate approfondie sur la situation des docteurs dipl\u00f4m\u00e9s de l'Ecole entre 2004 et 2009, et notamment sur leur devenir professionnel. Le rapport de cette enqu\u00eate men\u00e9e par Mauricio Bustamante a \u00e9t\u00e9 mis en ligne\u2026","rel":"","context":"Dans &quot;Signalements&quot;","img":{"alt_text":"","src":"","width":0,"height":0},"classes":[]},{"id":2324,"url":"http:\/\/histoirevisuelle.fr\/cv\/icones\/2324\/","url_meta":{"origin":1507,"position":3},"title":"Soutenance de th\u00e8se &quot;La mise en r\u00e9cit de Shoah&quot;, par R\u00e9my Besson","date":"20 f\u00e9vrier 2012","format":false,"excerpt":"La th\u00e8se de doctorat d'histoire culturelle La mise en r\u00e9cit de Shoah, pr\u00e9sent\u00e9e par R\u00e9my Besson \u00e0 l'EHESS sera soutenue publiquement le vendredi\u00a0 9 mars 2012, de 9h \u00e0 13h, salle Vasari, \u00e0 l'INHA, 2 rue Vivienne, 75002 Paris. Jury: Christian Delage, (directeur, Paris 8\/EHESS), Philippe Despoix (universit\u00e9 de Montr\u00e9al),\u2026","rel":"","context":"Dans &quot;Agenda&quot;","img":{"alt_text":"","src":"","width":0,"height":0},"classes":[]},{"id":2534,"url":"http:\/\/histoirevisuelle.fr\/cv\/icones\/2534\/","url_meta":{"origin":1507,"position":4},"title":"Elections pr\u00e9sidentielles \u00e0 l&#039;EHESS","date":"8 octobre 2012","format":false,"excerpt":"Branle-bas de combat \u00e0 l'EHESS: apr\u00e8s le d\u00e9part impr\u00e9vu en juillet dernier de Fran\u00e7ois Weil, pr\u00e9sident de l'Ecole depuis mars 2009, appel\u00e9 aux fonctions de recteur de l'Acad\u00e9mie de Paris dans la foul\u00e9e de l'installation du pouvoir socialiste, l'historien Fran\u00e7ois Hartog (n\u00e9 en 1946) assure l'int\u00e9rim jusqu'au 24 novembre 2012,\u2026","rel":"","context":"Dans &quot;Notes&quot;","img":{"alt_text":"","src":"","width":0,"height":0},"classes":[]},{"id":1227,"url":"http:\/\/histoirevisuelle.fr\/cv\/icones\/1227\/","url_meta":{"origin":1507,"position":5},"title":"Le Petit R\u00e9cit visuel (live)","date":"12 novembre 2010","format":false,"excerpt":"Diffusion live de la journ\u00e9e d'\u00e9tudes \"Le petit r\u00e9cit visuel\", vendredi 12 novembre, de 9h30 \u00e0 18h, \u00e0 l\u2019INHA en salle Vasari, 2 rue Vivienne, 75002, Paris (copie d'\u00e9cran). Programme 9h30, \"introduction\", Anne-Violaine Houcke, doctorante en \u00e9tudes cin\u00e9matographiques, Paris Ouest Nanterre \u2013 ENS, R\u00e9my Besson, doctorant en histoire et cin\u00e9ma,\u2026","rel":"","context":"Dans &quot;Agenda&quot;","img":{"alt_text":"","src":"https:\/\/i0.wp.com\/histoirevisuelle.fr\/cv\/icones\/wp-content\/uploads\/2010\/11\/petitrecitstream.jpg?resize=350%2C200","width":350,"height":200},"classes":[]}],"_links":{"self":[{"href":"http:\/\/histoirevisuelle.fr\/cv\/icones\/wp-json\/wp\/v2\/posts\/1507"}],"collection":[{"href":"http:\/\/histoirevisuelle.fr\/cv\/icones\/wp-json\/wp\/v2\/posts"}],"about":[{"href":"http:\/\/histoirevisuelle.fr\/cv\/icones\/wp-json\/wp\/v2\/types\/post"}],"author":[{"embeddable":true,"href":"http:\/\/histoirevisuelle.fr\/cv\/icones\/wp-json\/wp\/v2\/users\/1"}],"replies":[{"embeddable":true,"href":"http:\/\/histoirevisuelle.fr\/cv\/icones\/wp-json\/wp\/v2\/comments?post=1507"}],"version-history":[{"count":0,"href":"http:\/\/histoirevisuelle.fr\/cv\/icones\/wp-json\/wp\/v2\/posts\/1507\/revisions"}],"wp:attachment":[{"href":"http:\/\/histoirevisuelle.fr\/cv\/icones\/wp-json\/wp\/v2\/media?parent=1507"}],"wp:term":[{"taxonomy":"category","embeddable":true,"href":"http:\/\/histoirevisuelle.fr\/cv\/icones\/wp-json\/wp\/v2\/categories?post=1507"},{"taxonomy":"post_tag","embeddable":true,"href":"http:\/\/histoirevisuelle.fr\/cv\/icones\/wp-json\/wp\/v2\/tags?post=1507"}],"curies":[{"name":"wp","href":"https:\/\/api.w.org\/{rel}","templated":true}]}}