{"id":1496,"date":"2011-03-21T17:29:15","date_gmt":"2011-03-21T16:29:15","guid":{"rendered":"http:\/\/culturevisuelle.org\/icones\/?p=1496"},"modified":"2011-03-21T17:29:15","modified_gmt":"2011-03-21T16:29:15","slug":"la-pleureuse-dishinomaki-ou-lesthetique-du-desastre","status":"publish","type":"post","link":"http:\/\/histoirevisuelle.fr\/cv\/icones\/1496\/","title":{"rendered":"La pleureuse d&#039;Ishinomaki ou l&#039;esth\u00e9tique du d\u00e9sastre"},"content":{"rendered":"<p>Pourquoi la photographie de Tadashi Okubo d&rsquo;une japonaise au milieu des d\u00e9combres est-elle devenue la signature visuelle du s\u00e9isme japonais (<em>fig. 1<\/em>)?<\/p>\n<figure id=\"attachment_1497\" aria-describedby=\"caption-attachment-1497\" style=\"width: 695px\" class=\"wp-caption alignnone\"><img decoding=\"async\" loading=\"lazy\" class=\"size-full wp-image-1497\" title=\"01pleureuse_Ishinomaki\" src=\"http:\/\/histoirevisuelle.fr\/cv\/icones\/wp-content\/uploads\/2011\/03\/01pleureuse_Ishinomaki.jpg\" alt=\"\" width=\"695\" height=\"464\" srcset=\"http:\/\/histoirevisuelle.fr\/cv\/icones\/wp-content\/uploads\/2011\/03\/01pleureuse_Ishinomaki.jpg 695w, http:\/\/histoirevisuelle.fr\/cv\/icones\/wp-content\/uploads\/2011\/03\/01pleureuse_Ishinomaki-300x200.jpg 300w\" sizes=\"(max-width: 695px) 100vw, 695px\" \/><figcaption id=\"caption-attachment-1497\" class=\"wp-caption-text\">(1) Tadashi Okubo, Ishinomaki, samedi 12 mars (Yomiuri Shimbun\/AP\/AFP\/Reuters).<\/figcaption><\/figure>\n<p><!--more-->Trois explications ont \u00e9t\u00e9 avanc\u00e9es: 1) une forme de paresse \u00e9ditoriale, l&rsquo;image ayant \u00e9t\u00e9 diffus\u00e9e simultan\u00e9ment par les trois grandes agences filaires, AP, AFP, Reuters; 2) <a href=\"http:\/\/www.marianne2.fr\/Le-Japon-a-la-une_a203924.html\" target=\"_blank\">une explication plus technique<\/a>: la baisse des budgets photos emp\u00eachant un organe d&rsquo;acqu\u00e9rir les droits exclusifs et de bloquer les autres publications; 3) enfin la qualit\u00e9 m\u00eame de l&rsquo;image, \u00abtr\u00e8s bonne photo\u00bb selon Jean-Fran\u00e7ois Leroy, ou \u00abexcellente photo\u00bb<a href=\"http:\/\/blogs.mediapart.fr\/blog\/michel-puech\/180311\/la-lecon-de-licone-dishinomaki\" target=\"_blank\"> selon Michel Puech<\/a>, qui pronostique sa s\u00e9lection lors du prochain prix WorldPress (<a href=\"http:\/\/culturevisuelle.org\/clindeloeil\/2011\/03\/18\/petite-rhetorique-de-limage-mediatique\/\" target=\"_blank\"><em>voir la synth\u00e8se des r\u00e9actions par Audrey Leblanc<\/em><\/a>).<\/p>\n<p>C&rsquo;est sur l&rsquo;unanimit\u00e9 de ce jugement que je m&rsquo;appuierai pour proposer une quatri\u00e8me explication: l&rsquo;uniformit\u00e9 du go\u00fbt des \u00e9diteurs.<\/p>\n<figure id=\"attachment_1498\" aria-describedby=\"caption-attachment-1498\" style=\"width: 695px\" class=\"wp-caption alignnone\"><img decoding=\"async\" loading=\"lazy\" class=\"size-full wp-image-1498\" title=\"02pleureuse_news\" src=\"http:\/\/histoirevisuelle.fr\/cv\/icones\/wp-content\/uploads\/2011\/03\/02pleureuse_news.jpg\" alt=\"\" width=\"695\" height=\"222\" srcset=\"http:\/\/histoirevisuelle.fr\/cv\/icones\/wp-content\/uploads\/2011\/03\/02pleureuse_news.jpg 695w, http:\/\/histoirevisuelle.fr\/cv\/icones\/wp-content\/uploads\/2011\/03\/02pleureuse_news-300x96.jpg 300w\" sizes=\"(max-width: 695px) 100vw, 695px\" \/><figcaption id=\"caption-attachment-1498\" class=\"wp-caption-text\">Couvertures du (2) Nouvel Observateur, (3) Paris-Match, (4) Stern, (5) Le Point du 17 mars 2011.<\/figcaption><\/figure>\n<p>Au-del\u00e0 de la s\u00e9lection en Une de la photographie d&rsquo;Ishinomaki par de nombreux quotidiens ou hebdomadaires (<em>fig. 2 \u00e0 5<\/em>), on peut souligner la remarquable co\u00efncidence de l&rsquo;appr\u00e9ciation des agences filaires, qui n&rsquo;avaient pas seulement acquis les droits de la photo, mais l&rsquo;avaient mis en t\u00eate de gondole de leur <em>best-of<\/em>.<\/p>\n<p>De fa\u00e7on plus globale, l&rsquo;examen des s\u00e9lections effectu\u00e9es par les principaux supports du photoreportage, de <a href=\"http:\/\/www.boston.com\/bigpicture\/2011\/03\/japan_earthquake_aftermath.html\" target=\"_blank\">The Big Picture<\/a> \u00e0 <em>Paris-Match<\/em>, qui partagent un grand nombre d&rsquo;images communes, t\u00e9moigne d&rsquo;un accord profond sur les photographies les plus remarquables (<em>fig. 6 \u00e0 8<\/em>).<\/p>\n<figure id=\"attachment_1499\" aria-describedby=\"caption-attachment-1499\" style=\"width: 695px\" class=\"wp-caption alignnone\"><img decoding=\"async\" loading=\"lazy\" class=\"size-full wp-image-1499\" title=\"03photo_selection\" src=\"http:\/\/histoirevisuelle.fr\/cv\/icones\/wp-content\/uploads\/2011\/03\/03photo_selection.jpg\" alt=\"\" width=\"695\" height=\"160\" srcset=\"http:\/\/histoirevisuelle.fr\/cv\/icones\/wp-content\/uploads\/2011\/03\/03photo_selection.jpg 695w, http:\/\/histoirevisuelle.fr\/cv\/icones\/wp-content\/uploads\/2011\/03\/03photo_selection-300x69.jpg 300w\" sizes=\"(max-width: 695px) 100vw, 695px\" \/><figcaption id=\"caption-attachment-1499\" class=\"wp-caption-text\">Exemples de photos s\u00e9lectionn\u00e9es par The Big Picture et Paris-Match: (6) Asahi Shimbun, Noboru Tomura\/Associated Press; (7) Itsuo Inouye\/Asociated Press; (8) Yomiuri Shimbun\/AFP\/Getty Images.<\/figcaption><\/figure>\n<p>On retrouve dans ces s\u00e9lections trois des principaux moyens pour la photo de jouer \u00e0 l&rsquo;illustration: l&rsquo;anecdote, le formalisme ou l&#8217;embl\u00e9matisation. La photographie de Tadashi Okubo appartient manifestement \u00e0 cette troisi\u00e8me cat\u00e9gorie.<\/p>\n<p>La plupart des occurrences \u00e9ditoriales de la photo la recadrent pour accentuer la solitude apparente du personnage f\u00e9minin, alors que les bords de l&rsquo;image montrent un environnement urbain peupl\u00e9 et m\u00eame la pr\u00e9sence des sauveteurs (<em>voir fig. 1<\/em>). Ces d\u00e9tails parasites sont la marque de l&rsquo;enregistrement photographique, qui conserve toutes les informations pr\u00e9sentes, y compris le bruit \u00e9ventuellement ind\u00e9sirable du point de vue de l&rsquo;\u00e9diteur. Un coup de ciseau corrige ce d\u00e9faut et permet d&rsquo;atteindre l&rsquo;objectif souhait\u00e9 dans un contexte presse: la simplification qui garantit la lisibilit\u00e9 du message.<\/p>\n<p>Le personnage que Gilles Klein a rapidement qualifi\u00e9 de \u00ab\u00a0<a href=\"http:\/\/www.arretsurimages.net\/vite.php?id=10615\" target=\"_blank\">madone des d\u00e9combres<\/a>\u00a0\u00bb s&rsquo;apparente plut\u00f4t \u00e0 l&rsquo;antique figure de la pleureuse, qui permet depuis des lustres de repr\u00e9senter les effets des guerres ou des catastrophes. Comme toute figure rh\u00e9torique classique, celle-ci fonctionne sur un antagonisme simple et facilement compr\u00e9hensible: la brutalit\u00e9 du chaos ou de la mort mis en \u00e9vidence par la douleur du personnage f\u00e9minin \u2013 veuve, m\u00e8re ou fille, soit la victime par excellence (<em>fig. 9 \u00e0 11<\/em>).<\/p>\n<figure id=\"attachment_1500\" aria-describedby=\"caption-attachment-1500\" style=\"width: 695px\" class=\"wp-caption alignnone\"><img decoding=\"async\" loading=\"lazy\" class=\"size-full wp-image-1500\" title=\"04pleureuses\" src=\"http:\/\/histoirevisuelle.fr\/cv\/icones\/wp-content\/uploads\/2011\/03\/04pleureuses.jpg\" alt=\"\" width=\"695\" height=\"321\" srcset=\"http:\/\/histoirevisuelle.fr\/cv\/icones\/wp-content\/uploads\/2011\/03\/04pleureuses.jpg 695w, http:\/\/histoirevisuelle.fr\/cv\/icones\/wp-content\/uploads\/2011\/03\/04pleureuses-300x139.jpg 300w\" sizes=\"(max-width: 695px) 100vw, 695px\" \/><figcaption id=\"caption-attachment-1500\" class=\"wp-caption-text\">(9) Femme en pleurs, bas-relief antique, mus\u00e9e du Capitole, Rome (10) Londres, 8 septembre 1940, femmes sans abri apr\u00e8s un raid de la Luftwaffe (coll. Getty Images). (11) Monuments aux morts, 1914-1918, Villers-Bretonneux.<\/figcaption><\/figure>\n<p>Peut-on parler d&rsquo;une \u00abbonne photographie\u00bb? Ce qui int\u00e9resse ici l&rsquo;\u00e9diteur est plut\u00f4t qu&rsquo;il s&rsquo;agit \u00e0 peine d&rsquo;une photographie. L&rsquo;\u00e9lection de la pleureuse d&rsquo;Ishinomaki s&rsquo;explique par les caract\u00e8res qui font de cette image une quasi-peinture d&rsquo;histoire, l&rsquo;illustration attendue de la catastrophe, sa figuration la plus intelligible, dans le droit fil de la tradition iconographique.<\/p>\n<p>L&rsquo;h\u00e9sitation sur la qualification de cette figure ou son identification comme une \u00abexcellente photographie\u00bb montre la confusion qui r\u00e8gne dans la profession et la perte de la culture qui permettrait aux \u00e9diteurs de ma\u00eetriser les ressorts de leurs choix.<\/p>\n<p>La photographie peut-elle continuer \u00e0 faire passer pour du reportage ce qui rel\u00e8ve <a href=\"http:\/\/culturevisuelle.org\/icones\/1147\" target=\"_blank\">des r\u00e8gles de l&rsquo;illustration<\/a>? La recherche de la virtuosit\u00e9 ou du romanesque, on peut l&rsquo;appr\u00e9cier en galerie et \u00e0 distance de l&rsquo;\u00e9v\u00e9nement. Elle est acceptable dans le cadre de la construction m\u00e9diatique, pour guider la compr\u00e9hension de l&rsquo;\u00e9v\u00e9nement. Mais \u00e0 titre personnel, j&rsquo;avoue pr\u00e9f\u00e9rer de plus en plus la modestie de l&rsquo;image t\u00e9l\u00e9vis\u00e9e, qui filme \u00e0 hauteur d&rsquo;homme, sans essayer \u00e0 tout prix de surligner la signification ou de surjouer l&rsquo;\u00e9motion (<em>fig. 12 \u00e0 14<\/em>).<\/p>\n<figure id=\"attachment_1501\" aria-describedby=\"caption-attachment-1501\" style=\"width: 695px\" class=\"wp-caption alignnone\"><img decoding=\"async\" loading=\"lazy\" class=\"size-full wp-image-1501\" title=\"05extraitsjt\" src=\"http:\/\/histoirevisuelle.fr\/cv\/icones\/wp-content\/uploads\/2011\/03\/05extraitsjt.jpg\" alt=\"\" width=\"695\" height=\"132\" srcset=\"http:\/\/histoirevisuelle.fr\/cv\/icones\/wp-content\/uploads\/2011\/03\/05extraitsjt.jpg 695w, http:\/\/histoirevisuelle.fr\/cv\/icones\/wp-content\/uploads\/2011\/03\/05extraitsjt-300x57.jpg 300w\" sizes=\"(max-width: 695px) 100vw, 695px\" \/><figcaption id=\"caption-attachment-1501\" class=\"wp-caption-text\">Extraits des journaux t\u00e9l\u00e9vis\u00e9s de (12-13) France 3 et (14) France 2, le 13 mars 2011.<\/figcaption><\/figure>\n<ul>\n<li><strong>Lire \u00e9galement sur ce blog:<\/strong> \u00ab\u00a0<a href=\"http:\/\/culturevisuelle.org\/icones\/2609\">Les ic\u00f4nes du photojournalisme, ou la narration visuelle inavouable<\/a>\u00ab\u00a0, 25\/01\/2013.<\/li>\n<\/ul>\n","protected":false},"excerpt":{"rendered":"<p>Pourquoi la photographie de Tadashi Okubo d&rsquo;une japonaise au milieu des d\u00e9combres est-elle devenue la signature visuelle du s\u00e9isme japonais (fig. 1)?<\/p>\n","protected":false},"author":1,"featured_media":0,"comment_status":"open","ping_status":"open","sticky":false,"template":"","format":"standard","meta":[],"categories":[18,26,27,28],"tags":[56,58],"jetpack_featured_media_url":"","jetpack_shortlink":"https:\/\/wp.me\/p80eNK-o8","jetpack-related-posts":[{"id":1781,"url":"http:\/\/histoirevisuelle.fr\/cv\/icones\/1781\/","url_meta":{"origin":1496,"position":0},"title":"La &quot;bact\u00e9rie tueuse&quot;, laboratoire du journalisme de communication","date":"11 juin 2011","format":false,"excerpt":"Du 26 mai au 10 juin 2011, l'affaire dite du \"concombre tueur\", puis de la \"bact\u00e9rie tueuse\" fait les gros titres de l'actualit\u00e9. La contamination accidentelle de graines germ\u00e9es par une souche r\u00e9sistante d'E. coli dans la r\u00e9gion de Hambourg provoque une trentaine de morts en l'espace de deux semaines\u2026","rel":"","context":"Dans &quot;En images&quot;","img":{"alt_text":"","src":"https:\/\/i0.wp.com\/histoirevisuelle.fr\/cv\/icones\/wp-content\/uploads\/2011\/06\/LM_Ecoli_2lr.jpg?resize=350%2C200","width":350,"height":200},"classes":[]},{"id":1747,"url":"http:\/\/histoirevisuelle.fr\/cv\/icones\/1747\/","url_meta":{"origin":1496,"position":1},"title":"Le concombre, image de l&#039;insavoir journalistique","date":"2 juin 2011","format":false,"excerpt":"D'abord associ\u00e9e \u00e0 l'hypoth\u00e8se d'une contamination alimentaire, l'affaire de la nouvelle souche E. Coli a donn\u00e9 lieu \u00e0 un traitement m\u00e9diatique \u00e0 la fois quantitativement abondant et qualitativement r\u00e9duit \u2013 puisqu'il s'est limit\u00e9 \u00e0 la reprise d'une information inv\u00e9rifiable \u00e9manant des autorit\u00e9s sanitaires allemandes ou europ\u00e9ennes. Si l'on prend l'exemple\u2026","rel":"","context":"Dans &quot;En images&quot;","img":{"alt_text":"","src":"https:\/\/i0.wp.com\/histoirevisuelle.fr\/cv\/icones\/wp-content\/uploads\/2011\/06\/LeMonde_EcoliBlr1.jpg?resize=350%2C200","width":350,"height":200},"classes":[]},{"id":2371,"url":"http:\/\/histoirevisuelle.fr\/cv\/icones\/2371\/","url_meta":{"origin":1496,"position":2},"title":"&quot;Quand la photographie illustre l\u2019actualit\u00e9. Narratologie de l\u2019information&quot;","date":"29 avril 2012","format":false,"excerpt":"Vid\u00e9o de mon intervention du 7 mars 2012 \u00e0 l'universit\u00e9 Paris 8, dans le cadre des Mercredis de Cr\u00e9teil: \"Quand la photographie illustre l\u2019actualit\u00e9. Narratologie de l\u2019information\" (48\", r\u00e9alisation: Didier Delattre, Richard Vening, CRDP, acad\u00e9mie de Cr\u00e9teil). R\u00e9sum\u00e9: C\u00e9l\u00e9br\u00e9es par des prix, expos\u00e9es au mus\u00e9e, qualifi\u00e9es d'\"ic\u00f4nes\", les meilleures images\u2026","rel":"","context":"Dans &quot;Enseignement&quot;","img":{"alt_text":"","src":"","width":0,"height":0},"classes":[]},{"id":1619,"url":"http:\/\/histoirevisuelle.fr\/cv\/icones\/1619\/","url_meta":{"origin":1496,"position":3},"title":"Ben Laden, enterr\u00e9 par Photoshop","date":"2 mai 2011","format":false,"excerpt":"Lundi matin, lendemain de 1er mai, la France qui s'\u00e9tait couch\u00e9e encore \u00e9mue du souvenir du mariage princier se r\u00e9veille en sursaut \u00e0 la nouvelle de la mort de Ben Laden (voir ci-dessus). Surchauffe dans les r\u00e9dactions. Quel angle choisir pour pr\u00e9senter la disparition de l'ennemi public n\u00b0 1, qui\u2026","rel":"","context":"Dans &quot;En images&quot;","img":{"alt_text":"","src":"https:\/\/i0.wp.com\/histoirevisuelle.fr\/cv\/icones\/wp-content\/uploads\/2011\/05\/07_blpreuve1.jpg?resize=350%2C200","width":350,"height":200},"classes":[]},{"id":2144,"url":"http:\/\/histoirevisuelle.fr\/cv\/icones\/2144\/","url_meta":{"origin":1496,"position":4},"title":"Paternalisme visuel","date":"26 octobre 2011","format":false,"excerpt":"Jeudi 20 octobre au soir, je sors du colloque \"Si la photo est bonne\" et rebranche mon iPhone. L'appareil s'anime: divers messages de journalistes me demandent mon avis sur les images de la mort de Khadafi. Que j'apprends par ce biais. Je d\u00e9couvre quelques extraits des vid\u00e9os au JT du\u2026","rel":"","context":"Dans &quot;Lhivic&quot;","img":{"alt_text":"","src":"","width":0,"height":0},"classes":[]},{"id":2857,"url":"http:\/\/histoirevisuelle.fr\/cv\/icones\/2857\/","url_meta":{"origin":1496,"position":5},"title":"Quand la photo raconte l&#039;\u00e9tat du journalisme","date":"28 novembre 2013","format":false,"excerpt":"Ha ha ha! Qu'ils sont nigauds \u00e0 L'Express! Voil\u00e0-t-il pas qu'ils se font prendre \u00e0 mettre en couverture une b\u00eate photo d'illustration issue d'un microstock, ces photos industrielles, polyvalentes, sans identit\u00e9, purs st\u00e9r\u00e9otypes qui suscitent l'ire des photographes professionnels, parce qu'il s'agit d'images sans qualit\u00e9. Rue89 ne rate pas l'occasion\u2026","rel":"","context":"Dans &quot;En images&quot;","img":{"alt_text":"","src":"https:\/\/i0.wp.com\/histoirevisuelle.fr\/cv\/icones\/wp-content\/uploads\/2013\/11\/express_231013-376x499.png?resize=350%2C200","width":350,"height":200},"classes":[]}],"_links":{"self":[{"href":"http:\/\/histoirevisuelle.fr\/cv\/icones\/wp-json\/wp\/v2\/posts\/1496"}],"collection":[{"href":"http:\/\/histoirevisuelle.fr\/cv\/icones\/wp-json\/wp\/v2\/posts"}],"about":[{"href":"http:\/\/histoirevisuelle.fr\/cv\/icones\/wp-json\/wp\/v2\/types\/post"}],"author":[{"embeddable":true,"href":"http:\/\/histoirevisuelle.fr\/cv\/icones\/wp-json\/wp\/v2\/users\/1"}],"replies":[{"embeddable":true,"href":"http:\/\/histoirevisuelle.fr\/cv\/icones\/wp-json\/wp\/v2\/comments?post=1496"}],"version-history":[{"count":0,"href":"http:\/\/histoirevisuelle.fr\/cv\/icones\/wp-json\/wp\/v2\/posts\/1496\/revisions"}],"wp:attachment":[{"href":"http:\/\/histoirevisuelle.fr\/cv\/icones\/wp-json\/wp\/v2\/media?parent=1496"}],"wp:term":[{"taxonomy":"category","embeddable":true,"href":"http:\/\/histoirevisuelle.fr\/cv\/icones\/wp-json\/wp\/v2\/categories?post=1496"},{"taxonomy":"post_tag","embeddable":true,"href":"http:\/\/histoirevisuelle.fr\/cv\/icones\/wp-json\/wp\/v2\/tags?post=1496"}],"curies":[{"name":"wp","href":"https:\/\/api.w.org\/{rel}","templated":true}]}}