{"id":1435,"date":"2011-02-28T09:32:23","date_gmt":"2011-02-28T08:32:23","guid":{"rendered":"http:\/\/culturevisuelle.org\/icones\/?p=1435"},"modified":"2011-02-28T09:32:23","modified_gmt":"2011-02-28T08:32:23","slug":"lavatar-est-il-une-image","status":"publish","type":"post","link":"http:\/\/histoirevisuelle.fr\/cv\/icones\/1435\/","title":{"rendered":"L&#039;avatar est-il une image?"},"content":{"rendered":"<p>Je l&rsquo;avoue, j&rsquo;ai contribu\u00e9 \u00e0 brocarder le nouvel ambassadeur de France \u00e0 Tunis, Boris Boillon. Ce qui n&rsquo;est certes pas aimable. Mais la technique utilis\u00e9e m\u00e9rite qu&rsquo;on s&rsquo;y attarde. En l&rsquo;esp\u00e8ce, mon p\u00e9ch\u00e9 tient en un clic: ce qu&rsquo;on appelle un <em>retweet<\/em>, autrement dit la duplication sur Twitter du statut d&rsquo;un usager \u00e0 l&rsquo;intention de mes <em>followers<\/em>.<\/p>\n<p>Le <a href=\"http:\/\/twitter.com\/#!\/Boris_Boillon\/status\/40796942334169088\" target=\"_blank\">statut en question<\/a> \u00e9tait le suivant:<\/p>\n<p><img decoding=\"async\" loading=\"lazy\" class=\"alignnone size-full wp-image-1436\" title=\"boris_boillon\" src=\"http:\/\/histoirevisuelle.fr\/cv\/icones\/wp-content\/uploads\/2011\/02\/boris_boillon.jpg\" alt=\"\" width=\"695\" height=\"334\" srcset=\"http:\/\/histoirevisuelle.fr\/cv\/icones\/wp-content\/uploads\/2011\/02\/boris_boillon.jpg 695w, http:\/\/histoirevisuelle.fr\/cv\/icones\/wp-content\/uploads\/2011\/02\/boris_boillon-300x144.jpg 300w\" sizes=\"(max-width: 695px) 100vw, 695px\" \/><\/p>\n<p><!--more-->Rappelons que le bouillant diplomate avait \u00e9t\u00e9 \u00e9pingl\u00e9, apr\u00e8s <a href=\"http:\/\/www.youtube.com\/watch?v=4rBFluDqFsY\" target=\"_blank\">son intronisation tunisienne<\/a>, pour avoir diffus\u00e9 sur son compte Copains d&rsquo;avant un <a href=\"http:\/\/www.leparisien.fr\/politique\/boillon-un-sarko-boy-au-langage-cru-20-02-2011-1323479.php\" target=\"_blank\">portrait torse nu fa\u00e7on <em>Men&rsquo;s Health<\/em><\/a>, qui avait rapidement circul\u00e9 en ligne. Devant les railleries suscit\u00e9es par cette pose avantageuse, Boris Boillon avait tent\u00e9 d&rsquo;en interdire la rediffusion et annonc\u00e9 le 23 f\u00e9vrier son intention de saisir \u00abtoute juridiction utile tant en France qu&rsquo;\u00e0 l&rsquo;\u00e9tranger afin de faire sanctionner les d\u00e9bordements occasionn\u00e9s par l&rsquo;utilisation illicite de son image\u00bb.<\/p>\n<p>Le lendemain apparaissait le faux profil Twitter Boris_Boillon illustr\u00e9 par la fameuse photo, utilis\u00e9e comme avatar. Un tel profil n&rsquo;a \u00e9videmment aucune l\u00e9gitimit\u00e9 et peut \u00eatre ferm\u00e9 par Twitter en cas de r\u00e9clamation. Mais l&rsquo;int\u00e9ressant est l&rsquo;utilisation du r\u00e9seau social pour rediffuser la photo litigieuse en d\u00e9tournant la fonction de l&rsquo;avatar. Il para\u00eet difficile d&rsquo;incriminer au titre du droit \u00e0 l&rsquo;image la pratique du <em>retweet<\/em>, car celle-ci n&rsquo;est pas suppos\u00e9e \u00eatre utilis\u00e9e pour transmettre une photo. Pourtant, dans ce cas, le RT s&rsquo;applique effectivement au couple form\u00e9 par le statut et l&rsquo;avatar, qui est simultan\u00e9ment une image d&rsquo;information mais aussi le portrait de l&rsquo;int\u00e9ress\u00e9.<\/p>\n<p>On peut poser plusieurs questions \u00e0 partir de cet exemple. Outre <a href=\"http:\/\/www.lesinrocks.com\/actualite\/actu-article\/t\/60661\/date\/2011-02-25\/article\/boris-boillon-diffuser-ses-photos-en-maillot-une-atteinte-a-la-vie-privee\/\" target=\"_blank\">son volet juridique<\/a>, une premi\u00e8re observation est que, contrairement \u00e0 l&rsquo;id\u00e9e admise, Twitter peut aussi \u00eatre utilis\u00e9 pour diffuser des images. Remarque qui entra\u00eene imm\u00e9diatement le constat que l&rsquo;avatar n&rsquo;est pas per\u00e7u comme une image. Son d\u00e9tournement sugg\u00e8re que le portrait \u00e9lectronique est habituellement consid\u00e9r\u00e9 comme une information visuelle sans valeur iconographique. La qualit\u00e9 souvent m\u00e9diocre des images utilis\u00e9es \u00e0 ce titre, son petit format ou ses usages it\u00e9ratifs \u00e0 des fins signal\u00e9tiques sont autant d&rsquo;\u00e9l\u00e9ments qui peuvent expliquer cette perception restrictive.<\/p>\n","protected":false},"excerpt":{"rendered":"<p>Je l&rsquo;avoue, j&rsquo;ai contribu\u00e9 \u00e0 brocarder le nouvel ambassadeur de France \u00e0 Tunis, Boris Boillon. Ce qui n&rsquo;est certes pas aimable. Mais [&hellip;]<\/p>\n","protected":false},"author":1,"featured_media":0,"comment_status":"open","ping_status":"open","sticky":false,"template":"","format":"standard","meta":[],"categories":[18,24,26,28],"tags":[64,77],"jetpack_featured_media_url":"","jetpack_shortlink":"https:\/\/wp.me\/p80eNK-n9","jetpack-related-posts":[{"id":2420,"url":"http:\/\/histoirevisuelle.fr\/cv\/icones\/2420\/","url_meta":{"origin":1435,"position":0},"title":"Depardon, les coulisses d&#039;un commentaire","date":"6 juin 2012","format":false,"excerpt":"Alors, amateur ou pas, le portrait de Hollande par Depardon? Deux jours apr\u00e8s la divulgation de l'image, la discussion se poursuit et se complexifie. Parmi les \u00e9l\u00e9ments de ce d\u00e9bat, mon commentaire sur LeMonde.fr a jou\u00e9 un r\u00f4le non n\u00e9gligeable. Diffus\u00e9 juste avant la pr\u00e9sentation officielle de la photo \u00e0\u2026","rel":"","context":"Dans &quot;Lhivic&quot;","img":{"alt_text":"","src":"https:\/\/i0.wp.com\/histoirevisuelle.fr\/cv\/icones\/wp-content\/uploads\/2012\/06\/hollande_indicateurs.jpg?resize=350%2C200","width":350,"height":200},"classes":[]},{"id":383,"url":"http:\/\/histoirevisuelle.fr\/cv\/icones\/383\/","url_meta":{"origin":1435,"position":1},"title":"Le portrait num\u00e9rique","date":"1 f\u00e9vrier 2010","format":false,"excerpt":"Au milieu du XIXe si\u00e8cle, le po\u00e8te Charles Baudelaire d\u00e9non\u00e7ait en public le narcissisme photographique de ses contemporains \u2013 et demandait en priv\u00e9 \u00e0 sa m\u00e8re d'aller se faire tirer le portrait ((\u00abLa soci\u00e9t\u00e9 immonde se rua, comme un seul Narcisse, pour contempler sa triviale image sur le m\u00e9tal. Une\u2026","rel":"","context":"Dans &quot;Contributions&quot;","img":{"alt_text":"","src":"https:\/\/i0.wp.com\/farm4.static.flickr.com\/3165\/2887175674_52017f607b_z.jpg?resize=350%2C200","width":350,"height":200},"classes":[]},{"id":2873,"url":"http:\/\/histoirevisuelle.fr\/cv\/icones\/2873\/","url_meta":{"origin":1435,"position":2},"title":"Que montre la photo de b\u00e9b\u00e9?","date":"6 d\u00e9cembre 2013","format":false,"excerpt":"Plusieurs de mes amis ont eu r\u00e9cemment un enfant. Mes timelines et mes bo\u00eetes \u00e0 lettres se sont donc brusquement emplis de portraits de bambins, tous plus adorables les uns que les autres. A un point qui pousse \u00e0 s'interroger: la photo de b\u00e9b\u00e9 semble dot\u00e9e d'une l\u00e9gitimit\u00e9 sup\u00e9rieure \u00e0\u2026","rel":"","context":"Dans &quot;Lhivic&quot;","img":{"alt_text":"","src":"https:\/\/i0.wp.com\/histoirevisuelle.fr\/cv\/icones\/wp-content\/uploads\/2013\/12\/carte_postale_mere_enfant.jpg?resize=350%2C200","width":350,"height":200},"classes":[]},{"id":2756,"url":"http:\/\/histoirevisuelle.fr\/cv\/icones\/2756\/","url_meta":{"origin":1435,"position":3},"title":"Le droit d&#039;auteur en photographie, une protection en trompe l&#039;oeil?","date":"4 juillet 2013","format":false,"excerpt":"La d\u00e9fense du droit d'auteur est le fer de lance de la politique de la principale association professionnelle du paysage photographique, l'UPP. Deux affaires r\u00e9centes r\u00e9v\u00e8lent pourtant la fragilit\u00e9 et les contradictions de l'application de ce monopole d'exploitation \u00e0 l'industrie des images. Michel Puech a r\u00e9sum\u00e9 l'affaire qui oppose le\u2026","rel":"","context":"Dans &quot;ETPH&quot;","img":{"alt_text":"","src":"https:\/\/i0.wp.com\/histoirevisuelle.fr\/cv\/icones\/wp-content\/uploads\/2013\/07\/coluche-tshirt-300x300.jpg?resize=350%2C200","width":350,"height":200},"classes":[]},{"id":495,"url":"http:\/\/histoirevisuelle.fr\/cv\/icones\/495\/","url_meta":{"origin":1435,"position":4},"title":"A quoi ressemblait Chopin?","date":"28 mars 2010","format":false,"excerpt":"A l'occasion du bicentenaire de la naissance de Fr\u00e9d\u00e9ric Chopin (1810-1849), on a vu ressurgir sur les affiches et les produits d\u00e9riv\u00e9s son c\u00e9l\u00e8bre portrait par Delacroix (fragment de la toile qui l'associait \u00e0 George Sand, ex\u00e9cut\u00e9e vers 1838 et rest\u00e9e inachev\u00e9e), qui repr\u00e9sente le jeune musicien dans une pose\u2026","rel":"","context":"Dans &quot;En images&quot;","img":{"alt_text":"Portrait de Fr\u00c3\u00a9d\u00c3\u00a9ric Chopin par Delacroix, huile sur toile, v. 1838; portrait par Louis-Auguste Bisson, daguerr\u00c3\u00a9otype, 1848 (d\u00c3\u00a9tails).","src":"https:\/\/i0.wp.com\/farm3.static.flickr.com\/2781\/4470416364_f9140a7994.jpg?resize=350%2C200","width":350,"height":200},"classes":[]},{"id":1888,"url":"http:\/\/histoirevisuelle.fr\/cv\/icones\/1888\/","url_meta":{"origin":1435,"position":5},"title":"Les m\u00e9tamorphoses de Nafissatou Diallo","date":"25 juillet 2011","format":false,"excerpt":"La d\u00e9fense de Nafissatou Diallo a d\u00e9cid\u00e9 de publier son t\u00e9moignage, \u00e0 une semaine de l'audience du 1er ao\u00fbt, via une longue interview reproduite par Newsweek et un entretien avec Robin Roberts sur ABC, diffus\u00e9s l'un et l'autre le 25 juillet (voir ci-dessus). A cette occasion, le grand public peut\u2026","rel":"","context":"Dans &quot;En images&quot;","img":{"alt_text":"","src":"https:\/\/i0.wp.com\/histoirevisuelle.fr\/cv\/icones\/wp-content\/uploads\/2011\/07\/nafiretouche.jpg?resize=350%2C200","width":350,"height":200},"classes":[]}],"_links":{"self":[{"href":"http:\/\/histoirevisuelle.fr\/cv\/icones\/wp-json\/wp\/v2\/posts\/1435"}],"collection":[{"href":"http:\/\/histoirevisuelle.fr\/cv\/icones\/wp-json\/wp\/v2\/posts"}],"about":[{"href":"http:\/\/histoirevisuelle.fr\/cv\/icones\/wp-json\/wp\/v2\/types\/post"}],"author":[{"embeddable":true,"href":"http:\/\/histoirevisuelle.fr\/cv\/icones\/wp-json\/wp\/v2\/users\/1"}],"replies":[{"embeddable":true,"href":"http:\/\/histoirevisuelle.fr\/cv\/icones\/wp-json\/wp\/v2\/comments?post=1435"}],"version-history":[{"count":0,"href":"http:\/\/histoirevisuelle.fr\/cv\/icones\/wp-json\/wp\/v2\/posts\/1435\/revisions"}],"wp:attachment":[{"href":"http:\/\/histoirevisuelle.fr\/cv\/icones\/wp-json\/wp\/v2\/media?parent=1435"}],"wp:term":[{"taxonomy":"category","embeddable":true,"href":"http:\/\/histoirevisuelle.fr\/cv\/icones\/wp-json\/wp\/v2\/categories?post=1435"},{"taxonomy":"post_tag","embeddable":true,"href":"http:\/\/histoirevisuelle.fr\/cv\/icones\/wp-json\/wp\/v2\/tags?post=1435"}],"curies":[{"name":"wp","href":"https:\/\/api.w.org\/{rel}","templated":true}]}}