{"id":1286,"date":"2010-12-17T10:04:14","date_gmt":"2010-12-17T09:04:14","guid":{"rendered":"http:\/\/culturevisuelle.org\/icones\/?p=1286"},"modified":"2010-12-17T10:04:14","modified_gmt":"2010-12-17T09:04:14","slug":"le-54-demenage","status":"publish","type":"post","link":"http:\/\/histoirevisuelle.fr\/cv\/icones\/1286\/","title":{"rendered":"Le 54 d\u00e9m\u00e9nage"},"content":{"rendered":"<p>J&rsquo;ai franchi pour la premi\u00e8re fois le seuil du 54, bd Raspail en octobre 1983, pour m&rsquo;inscrire en DEA sous la direction de Louis Marin. Aujourd&rsquo;hui, le b\u00e2timent ferme ses portes pour une dur\u00e9e difficile \u00e0 d\u00e9terminer, pour permettre d&rsquo;entamer la proc\u00e9dure de d\u00e9samiantage. Hier, on pouvait apercevoir les derniers pr\u00e9paratifs du d\u00e9m\u00e9nagement qui aura lieu \u00e0 partir d&rsquo;aujourd&rsquo;hui jusqu&rsquo;au 24 d\u00e9cembre. Les personnels des centres et bureaux de l&rsquo;EHESS et de la MSH acc\u00e8deront aux locaux r\u00e9nov\u00e9s de frais du <a href=\"http:\/\/culturevisuelle.org\/icones\/300\">190-198, avenue de France<\/a> le 4 janvier prochain, pour une ouverture pr\u00e9vue la semaine suivante.<\/p>\n<p><a href=\"http:\/\/www.flickr.com\/photos\/gunthert\/sets\/72157625615870000\/detail\"><img decoding=\"async\" loading=\"lazy\" class=\"alignnone size-full wp-image-1287\" title=\"demenagement54\" src=\"http:\/\/histoirevisuelle.fr\/cv\/icones\/wp-content\/uploads\/2010\/12\/demenagement54.jpg\" alt=\"\" width=\"695\" height=\"466\" srcset=\"http:\/\/histoirevisuelle.fr\/cv\/icones\/wp-content\/uploads\/2010\/12\/demenagement54.jpg 695w, http:\/\/histoirevisuelle.fr\/cv\/icones\/wp-content\/uploads\/2010\/12\/demenagement54-300x201.jpg 300w\" sizes=\"(max-width: 695px) 100vw, 695px\" \/><\/a><\/p>\n","protected":false},"excerpt":{"rendered":"<p>J&rsquo;ai franchi pour la premi\u00e8re fois le seuil du 54, bd Raspail en octobre 1983, pour m&rsquo;inscrire en DEA sous la direction [&hellip;]<\/p>\n","protected":false},"author":1,"featured_media":0,"comment_status":"open","ping_status":"open","sticky":false,"template":"","format":"standard","meta":[],"categories":[18,26],"tags":[30,49],"jetpack_featured_media_url":"","jetpack_shortlink":"https:\/\/wp.me\/p80eNK-kK","jetpack-related-posts":[{"id":300,"url":"http:\/\/histoirevisuelle.fr\/cv\/icones\/300\/","url_meta":{"origin":1286,"position":0},"title":"L&#039;EHESS, dernier arr\u00eat Quai de la Gare","date":"22 d\u00e9cembre 2009","format":false,"excerpt":"Dernier \u00e9pisode d'une longue saga, le d\u00e9m\u00e9nagement des implantations historiques de l'EHESS au 54 bd Raspail devrait finalement s'effectuer en 2010. Alors que le mandat de Dani\u00e8le Hervieu-L\u00e9ger s'\u00e9tait cl\u00f4t sur la perspective peu engageante d'une installation porte de la Chapelle, la pr\u00e9sidence de Fran\u00e7ois Weil s'ouvrait avec l'annonce d'une\u2026","rel":"","context":"Dans &quot;Lhivic&quot;","img":{"alt_text":"","src":"https:\/\/i0.wp.com\/farm3.static.flickr.com\/2512\/4204779614_f438ca14cc_z.jpg?resize=350%2C200","width":350,"height":200},"classes":[]},{"id":2643,"url":"http:\/\/histoirevisuelle.fr\/cv\/icones\/2643\/","url_meta":{"origin":1286,"position":1},"title":"Journ\u00e9e d&#039;\u00e9tudes: &quot;De la diversite\u0301 des humanite\u0301s nume\u0301riques: une exploration des pratiques&quot;","date":"27 f\u00e9vrier 2013","format":false,"excerpt":"Lundi 25 mars 2013, EHESS, amphithe\u0301a\u0302tre, 105 bd Raspail, 75006 Paris (entre\u0301e libre dans la limite des places disponibles). Comite\u0301 d\u2019organisation: Francis Chateauraynaud, Patrick Fridenson, Jean-Pierre Nadal. Matin\u00e9e: Blandine Bril (EHESS), pre\u0301sidente de se\u0301ance 9h-9h30 Ouverture: Pierre-Cyrille Hautcoeur, pre\u0301sident de l'EHESS; Philippe Casella, direction du de\u0301veloppement de la recherche a\u0300\u2026","rel":"","context":"Dans &quot;Agenda&quot;","img":{"alt_text":"","src":"","width":0,"height":0},"classes":[]},{"id":2568,"url":"http:\/\/histoirevisuelle.fr\/cv\/icones\/2568\/","url_meta":{"origin":1286,"position":2},"title":"Le devenir professionnel des docteurs de l&#039;EHESS","date":"28 novembre 2012","format":false,"excerpt":"En 2011, la Direction des enseignements et de la vie \u00e9tudiante de l'EHESS a lanc\u00e9 une enqu\u00eate approfondie sur la situation des docteurs dipl\u00f4m\u00e9s de l'Ecole entre 2004 et 2009, et notamment sur leur devenir professionnel. Le rapport de cette enqu\u00eate men\u00e9e par Mauricio Bustamante a \u00e9t\u00e9 mis en ligne\u2026","rel":"","context":"Dans &quot;Signalements&quot;","img":{"alt_text":"","src":"","width":0,"height":0},"classes":[]},{"id":2324,"url":"http:\/\/histoirevisuelle.fr\/cv\/icones\/2324\/","url_meta":{"origin":1286,"position":3},"title":"Soutenance de th\u00e8se &quot;La mise en r\u00e9cit de Shoah&quot;, par R\u00e9my Besson","date":"20 f\u00e9vrier 2012","format":false,"excerpt":"La th\u00e8se de doctorat d'histoire culturelle La mise en r\u00e9cit de Shoah, pr\u00e9sent\u00e9e par R\u00e9my Besson \u00e0 l'EHESS sera soutenue publiquement le vendredi\u00a0 9 mars 2012, de 9h \u00e0 13h, salle Vasari, \u00e0 l'INHA, 2 rue Vivienne, 75002 Paris. Jury: Christian Delage, (directeur, Paris 8\/EHESS), Philippe Despoix (universit\u00e9 de Montr\u00e9al),\u2026","rel":"","context":"Dans &quot;Agenda&quot;","img":{"alt_text":"","src":"","width":0,"height":0},"classes":[]},{"id":2259,"url":"http:\/\/histoirevisuelle.fr\/cv\/icones\/2259\/","url_meta":{"origin":1286,"position":4},"title":"M\u00e9moires du Lhivic en ligne","date":"28 d\u00e9cembre 2011","format":false,"excerpt":"Th\u00e8ses Estelle Blaschke, Photography and the Commodification of Images. From the Bettmann Archive to Corbis (1924-2010), th\u00e8se de doctorat de l\u2019EHESS, sous la direction d\u2019Andr\u00e9 Gunthert et Michel Poivert, 2011, 280 p. (11 Mo). Thierry Gervais, L\u2019Illustration photographique. Naissance du spectacle de l\u2019information, 1843-1914, th\u00e8se de doctorat de l\u2019EHESS, sous\u2026","rel":"","context":"Dans &quot;Lhivic&quot;","img":{"alt_text":"","src":"","width":0,"height":0},"classes":[]},{"id":2575,"url":"http:\/\/histoirevisuelle.fr\/cv\/icones\/2575\/","url_meta":{"origin":1286,"position":5},"title":"Colloque &quot;Edgar Morin et l&#039;\u00e2me du cin\u00e9ma&quot;","date":"13 d\u00e9cembre 2012","format":false,"excerpt":"11-12 janvier 2013, en pr\u00e9sence d\u2019Edgar Morin, salle Louis Lumi\u00e8re, Hotel de l'industrie, Soci\u00e9t\u00e9 d\u2019Encouragement \u00e0 l\u2019Industrie Nationale, 4 place St Germain des Pr\u00e8s, 75006 Paris. Organisation et responsabilit\u00e9 scientifique: Monique Peyriere (Centre Edgar Morin-IIAC\/ CNRS-EHESS, Centre Pierre Naville, Universit\u00e9 d\u2019Evry), Claude Fischler (Institut Interdisciplinaire d\u2019Anthropologie du Contemporain\/CNRS-EHESS). \u00abAu sein\u2026","rel":"","context":"Dans &quot;Agenda&quot;","img":{"alt_text":"","src":"https:\/\/i0.wp.com\/histoirevisuelle.fr\/cv\/icones\/wp-content\/uploads\/2012\/12\/edgarmorin-212x300.jpg?resize=350%2C200","width":350,"height":200},"classes":[]}],"_links":{"self":[{"href":"http:\/\/histoirevisuelle.fr\/cv\/icones\/wp-json\/wp\/v2\/posts\/1286"}],"collection":[{"href":"http:\/\/histoirevisuelle.fr\/cv\/icones\/wp-json\/wp\/v2\/posts"}],"about":[{"href":"http:\/\/histoirevisuelle.fr\/cv\/icones\/wp-json\/wp\/v2\/types\/post"}],"author":[{"embeddable":true,"href":"http:\/\/histoirevisuelle.fr\/cv\/icones\/wp-json\/wp\/v2\/users\/1"}],"replies":[{"embeddable":true,"href":"http:\/\/histoirevisuelle.fr\/cv\/icones\/wp-json\/wp\/v2\/comments?post=1286"}],"version-history":[{"count":0,"href":"http:\/\/histoirevisuelle.fr\/cv\/icones\/wp-json\/wp\/v2\/posts\/1286\/revisions"}],"wp:attachment":[{"href":"http:\/\/histoirevisuelle.fr\/cv\/icones\/wp-json\/wp\/v2\/media?parent=1286"}],"wp:term":[{"taxonomy":"category","embeddable":true,"href":"http:\/\/histoirevisuelle.fr\/cv\/icones\/wp-json\/wp\/v2\/categories?post=1286"},{"taxonomy":"post_tag","embeddable":true,"href":"http:\/\/histoirevisuelle.fr\/cv\/icones\/wp-json\/wp\/v2\/tags?post=1286"}],"curies":[{"name":"wp","href":"https:\/\/api.w.org\/{rel}","templated":true}]}}